{"id":7751,"date":"2023-06-29T11:20:29","date_gmt":"2023-06-29T11:20:29","guid":{"rendered":"https:\/\/www.hotelpaseodegracia.es\/?p=7751"},"modified":"2023-06-29T12:02:04","modified_gmt":"2023-06-29T12:02:04","slug":"enjoy-the-music-festivals-in-barcelona","status":"publish","type":"post","link":"https:\/\/www.hotelpaseodegracia.es\/en\/enjoy-the-music-festivals-in-barcelona\/","title":{"rendered":"Enjoy the music festivals in Barcelona!"},"content":{"rendered":"<p>Summer is coming and with it the music festivals that are held every year in Barcelona, attracting the most recognized artists of the moment as well as thousands of fans who come to enjoy the city, its culture, and the musical spirit with the proposals of very diverse styles offered by the festivals of Barcelona.<\/p>\n<div class=\"wp-block-spacer\" aria-hidden=\"true\"><\/div>\n<h3><strong>Primavera Sound<\/strong><\/h3>\n<p><em>When: 1 to 4 June 2023<br \/>\nWhere: Parc del F\u00f2rum<\/em><\/p>\n<p><span class=\"HwtZe\" lang=\"en\"><span class=\"jCAhz ChMk0b\"><span class=\"ryNqvb\">Primavera Sound is back to its usual format with a lineup that will leave you breathless.<\/span><\/span> <span class=\"jCAhz ChMk0b\"><span class=\"ryNqvb\">Established groups such as Depeche Mode, Blur, Pet Shop Boys, New Order or Kendrick Lamar will share the stages with the most in-demand artists of the moment such as Rosal\u00eda, Manneskin, FKA Twigs, Skrillex or Halsey, among many other proposals.<\/span><\/span><\/span><\/p>\n<p>All info <a href=\"https:\/\/www.primaverasound.com\/es\/barcelona\" target=\"_blank\" rel=\"noreferrer noopener\">here<\/a>.<\/p>\n<div class=\"wp-block-spacer\" aria-hidden=\"true\"><\/div>\n<p>&nbsp;<\/p>\n<h3><strong>Share Festival<\/strong><\/h3>\n<p><em>When: del 9 al 10 de Junio 2023<br \/>\nWhere: Parc del F\u00f2rum<\/em><\/p>\n<p>The Share Festival, which was born as a music and solidarity festival, with the aim of offering happiness and positive experiences that motivate action to bring about significant changes in the world, is gaining ground and is celebrating its 5th edition at the Parc del F\u00f2rum, a space with more capacity. For this edition, it will feature such popular headliners as <strong>Bizarrap, Quevedo, Dellafuente and Morad<\/strong>, as well as other prominent names in urban music such as Hoke &amp; Louis Amoeba, YSY A, Ptazeta, Saiko, Cyril Kamer or Aleesha.<\/p>\n<p>All info <a href=\"https:\/\/www.sharefestival.org\/\" target=\"_blank\" rel=\"noreferrer noopener\">here<\/a>.<\/p>\n<div class=\"wp-block-spacer\" aria-hidden=\"true\"><\/div>\n<h3><strong>S\u00f3nar<\/strong><\/h3>\n<p><em>When: from 15 to 17 June 2023<\/em><br \/>\n<em>Where: Fira de Barcelona Montju\u00efc (S\u00f3nar by Day) and Fira de Barcelona Gran Via (S\u00f3nar by Night)<\/em><\/p>\n<p>S\u00f3nar Barcelona, the International Festival of Advanced Music and Congress of Creativity and Technology, will be once again in Barcelona to celebrate its 30th anniversary. During this time, S\u00f3nar has established itself as one of the most important electronic music events at an international level.<\/p>\n<p>For this very special edition, it has more than 100 confirmed artists from a program that focuses on the most hedonistic side of electronic dance music and, as always, on the most advanced sounds. Among them, such prominent names in international advanced music as Aphex Twin, Bad Gyal, Eric Prydz, Black Coffee, Little Simz, Bicep, Fever Ray, Peggy Gou, Solomun, Oneohtrix Point Never, Amelie Lens, Honey Dijon, Shygirl, Richie Hawtin, The Blessed Madonna, Max Cooper, Kode9, Logic1000, Erika de Casier, Ryoji Ikeda, and Lucrecia Dalt.<\/p>\n<p>As usual, S\u00f3nar is divided into S\u00f3nar by Day, which takes place in the Fira de Barcelona venue on Montju\u00efc, and S\u00f3nar by Night, which is held in the Gran Via space of Fira de Barcelona.<\/p>\n<p>All concerts and info <a href=\"https:\/\/sonar.es\/es\" target=\"_blank\" rel=\"noreferrer noopener\">here.<\/a><\/p>\n<div class=\"wp-block-spacer\" aria-hidden=\"true\"><\/div>\n<h3><strong>Bubble Pop<\/strong><\/h3>\n<p><em>When: from 1 to 2 July 2023<\/em><br \/>\n<em>Where: Fira de Barcelona Montju\u00efc<\/em><\/p>\n<p>Llega a Barcelona la primera edici\u00f3n de un festival que seguro gustar\u00e1 a los aficionados al K-Pop: el BubblePop Festival, el primer festival de m\u00fasica asi\u00e1tica de Europa. Durante dos d\u00edas los asistentes podr\u00e1n disfrutar de la cultura pop asi\u00e1tica con m\u00fasica, arte, moda, gastronom\u00eda y mucho m\u00e1s con grupos y artistas como LeeHi, Rei Ami, Superorganism, Junny o Macross 82-99 entre otros.<\/p>\n<p>Toda la informaci\u00f3n <a href=\"https:\/\/bubblepopfest.com\/es\/\" target=\"_blank\" rel=\"noreferrer noopener\">aqu\u00ed<\/a>.<\/p>\n<div class=\"wp-block-spacer\" aria-hidden=\"true\"><\/div>\n<p>&nbsp;<\/p>\n<h3><strong>Brunch Electronik Festival<\/strong><\/h3>\n<p><em>Cuando: del 11 al 13 de Agosto 2023<br \/>\nDonde: Parc del F\u00f2rum i Jardins Joan Brossa de Montju\u00efc<\/em><\/p>\n<p>La m\u00fasica electr\u00f3nica tiene una segunda cita este verano en Barcelona, despu\u00e9s del S\u00f3nar, con el Brunch Electronik Festival, que celebra sus 10 a\u00f1os con su evento m\u00e1s grande hasta ahora y un cartel con m\u00e1s de 90 artistas donde destacan pesos pesados \u200b\u200bde la electr\u00f3nica como <strong>Jeff Mills<\/strong>, <strong>Marco Carola<\/strong>, <strong>Nina Kraviz<\/strong>, <strong>Carl Cox<\/strong> y <strong>Underworld<\/strong>, y grupos m\u00e1s pop como <strong>Hot Chip<\/strong> y <strong>Playback Maracas<\/strong>.<\/p>\n<p>El festival se caracteriza por buscar siempre emplazamientos ic\u00f3nicos y tendr\u00e1 lugar en 3 venues de Barcelona distintas: Parc del F\u00f2rum y Jardins Joan Brossa en Montju\u00efc para bailar durante el d\u00eda, y la Sala Apolo para seguir la fiesta por la noche con las after parties.<\/p>\n<p>Toda la informaci\u00f3n <a href=\"https:\/\/festival.brunchelectronik.com\/\" target=\"_blank\" rel=\"noreferrer noopener\">aqu\u00ed<\/a>.<\/p>\n<p>&nbsp;<\/p>\n<p style=\"text-align: center;\"><a target=\"_blank\" href=\"https:\/\/reservations.verticalbooking.com\/reservations\/index.html?lingua_int=eng&#038;id_stile=13265&#038;id_albergo=17502&#038;dc=4515\" class=\"ww-button sf-button medium black squarearrow  \"><span>Book your hotel for MWC in Barcelona here!<\/span><span class=\"arrow\"><\/span><\/a><\/p>\n","protected":false},"excerpt":{"rendered":"<p>Summer is coming and with it the music festivals that are held every year in Barcelona, attracting the most recognized artists of the moment as well as thousands of fans who come to enjoy the city, its culture, and the musical spirit with the proposals of very diverse styles offered by the festivals of Barcelona. [&hellip;]<\/p>\n","protected":false},"author":1,"featured_media":7748,"comment_status":"closed","ping_status":"open","sticky":false,"template":"","format":"standard","meta":[],"categories":[15],"tags":[],"_links":{"self":[{"href":"https:\/\/www.hotelpaseodegracia.es\/en\/wp-json\/wp\/v2\/posts\/7751"}],"collection":[{"href":"https:\/\/www.hotelpaseodegracia.es\/en\/wp-json\/wp\/v2\/posts"}],"about":[{"href":"https:\/\/www.hotelpaseodegracia.es\/en\/wp-json\/wp\/v2\/types\/post"}],"author":[{"embeddable":true,"href":"https:\/\/www.hotelpaseodegracia.es\/en\/wp-json\/wp\/v2\/users\/1"}],"replies":[{"embeddable":true,"href":"https:\/\/www.hotelpaseodegracia.es\/en\/wp-json\/wp\/v2\/comments?post=7751"}],"version-history":[{"count":3,"href":"https:\/\/www.hotelpaseodegracia.es\/en\/wp-json\/wp\/v2\/posts\/7751\/revisions"}],"predecessor-version":[{"id":7754,"href":"https:\/\/www.hotelpaseodegracia.es\/en\/wp-json\/wp\/v2\/posts\/7751\/revisions\/7754"}],"wp:featuredmedia":[{"embeddable":true,"href":"https:\/\/www.hotelpaseodegracia.es\/en\/wp-json\/wp\/v2\/media\/7748"}],"wp:attachment":[{"href":"https:\/\/www.hotelpaseodegracia.es\/en\/wp-json\/wp\/v2\/media?parent=7751"}],"wp:term":[{"taxonomy":"category","embeddable":true,"href":"https:\/\/www.hotelpaseodegracia.es\/en\/wp-json\/wp\/v2\/categories?post=7751"},{"taxonomy":"post_tag","embeddable":true,"href":"https:\/\/www.hotelpaseodegracia.es\/en\/wp-json\/wp\/v2\/tags?post=7751"}],"curies":[{"name":"wp","href":"https:\/\/api.w.org\/{rel}","templated":true}]}}