{"id":4748,"date":"2018-09-25T11:45:42","date_gmt":"2018-09-25T11:45:42","guid":{"rendered":"http:\/\/www.hotelpaseodegracia.es\/?p=4748"},"modified":"2018-10-16T10:56:49","modified_gmt":"2018-10-16T10:56:49","slug":"radical-market-barcelona","status":"publish","type":"post","link":"https:\/\/www.hotelpaseodegracia.es\/en\/radical-market-barcelona\/","title":{"rendered":"Radical Market Barcelona"},"content":{"rendered":"<ul>\n<li><strong><em>\u00bfQu\u00e9?<\/em><\/strong> Radical Market Barcelona<\/li>\n<li><strong><em>\u00bfCuando?<\/em><\/strong> 27, 28 y 29 Septiembre 2018<\/li>\n<li><strong><em>\u00bfD\u00f3nde?<\/em> <\/strong>Fira de Barcelona, Montju\u00efc<\/li>\n<\/ul>\n<p>&nbsp;<\/p>\n<p>Radical Market llega por primera vez en su versi\u00f3n oto\u00f1o, y lo volver\u00e1 a hacer en Fira de Barcelona, en la zona de Montjuic. Desde jueves 27 de septiembre a s\u00e1bado 29, este \u201cmercadillo\u201d que no para de crecer ofrecer\u00e1 descuentos de hasta el 70% de las marcas m\u00e1s conocidas.<\/p>\n<p>Aunque en Radical Market se encuentran principalmente ropa y complementos, tambi\u00e9n se han sumado marcas de cosm\u00e9tica, deporte, snow, skate, urban, calzado, infantil, complementos, streetstyle, hogar\u2026 En resumen, una feria que ahora en oto\u00f1o ir\u00e1 muy bien para llenar el armario de grandes marcas a precio muy reducido.<\/p>\n<p>El evento cuenta tambi\u00e9n con una zona de foodtrucks y ocio, lo que invita a los visitantes a pasar el d\u00eda mirando y comprando, en un ambiente festivo y ameno.<\/p>\n<p>Aunque nuestro hotel est\u00e1 ubicado en la zona de compras por excelencia de Barcelona, estos d\u00edas os invitamos a ir a Radical Market y aprovechar estos descuentos temporales. Ir hasta all\u00ed desde nuestro hotel en el centro de Barcelona es muy f\u00e1cil, solo hay que coger el metro que tenemos justo delante del hotel y bajarse en Pl. Espanya.<\/p>\n<p>&nbsp;<\/p>\n<p style=\"text-align: center;\"><a target=\"_blank\" href=\"https:\/\/reservations.verticalbooking.com\/reservations\/index.html?lingua_int=esp&#038;id_stile=13265&#038;id_albergo=17502&#038;dc=4515\" class=\"ww-button sf-button medium black squarearrow  \"><span>\u00a1Reserva ahora tu hotel en Barcelona!<\/span><span class=\"arrow\"><\/span><\/a><\/p>\n","protected":false},"excerpt":{"rendered":"<p>\u00bfQu\u00e9? Radical Market Barcelona \u00bfCuando? 27, 28 y 29 Septiembre 2018 \u00bfD\u00f3nde? Fira de Barcelona, Montju\u00efc &nbsp; Radical Market llega por primera vez en su versi\u00f3n oto\u00f1o, y lo volver\u00e1 a hacer en Fira de Barcelona, en la zona de Montjuic. Desde jueves 27 de septiembre a s\u00e1bado 29, este \u201cmercadillo\u201d que no para de [&hellip;]<\/p>\n","protected":false},"author":1,"featured_media":4742,"comment_status":"closed","ping_status":"closed","sticky":false,"template":"","format":"standard","meta":[],"categories":[12,15],"tags":[],"_links":{"self":[{"href":"https:\/\/www.hotelpaseodegracia.es\/en\/wp-json\/wp\/v2\/posts\/4748"}],"collection":[{"href":"https:\/\/www.hotelpaseodegracia.es\/en\/wp-json\/wp\/v2\/posts"}],"about":[{"href":"https:\/\/www.hotelpaseodegracia.es\/en\/wp-json\/wp\/v2\/types\/post"}],"author":[{"embeddable":true,"href":"https:\/\/www.hotelpaseodegracia.es\/en\/wp-json\/wp\/v2\/users\/1"}],"replies":[{"embeddable":true,"href":"https:\/\/www.hotelpaseodegracia.es\/en\/wp-json\/wp\/v2\/comments?post=4748"}],"version-history":[{"count":3,"href":"https:\/\/www.hotelpaseodegracia.es\/en\/wp-json\/wp\/v2\/posts\/4748\/revisions"}],"predecessor-version":[{"id":4754,"href":"https:\/\/www.hotelpaseodegracia.es\/en\/wp-json\/wp\/v2\/posts\/4748\/revisions\/4754"}],"wp:featuredmedia":[{"embeddable":true,"href":"https:\/\/www.hotelpaseodegracia.es\/en\/wp-json\/wp\/v2\/media\/4742"}],"wp:attachment":[{"href":"https:\/\/www.hotelpaseodegracia.es\/en\/wp-json\/wp\/v2\/media?parent=4748"}],"wp:term":[{"taxonomy":"category","embeddable":true,"href":"https:\/\/www.hotelpaseodegracia.es\/en\/wp-json\/wp\/v2\/categories?post=4748"},{"taxonomy":"post_tag","embeddable":true,"href":"https:\/\/www.hotelpaseodegracia.es\/en\/wp-json\/wp\/v2\/tags?post=4748"}],"curies":[{"name":"wp","href":"https:\/\/api.w.org\/{rel}","templated":true}]}}