{"id":4727,"date":"2018-07-17T12:01:35","date_gmt":"2018-07-17T12:01:35","guid":{"rendered":"http:\/\/www.hotelpaseodegracia.es\/?p=4727"},"modified":"2018-07-17T12:01:35","modified_gmt":"2018-07-17T12:01:35","slug":"fiesta-mayor-de-gracia-2018","status":"publish","type":"post","link":"https:\/\/www.hotelpaseodegracia.es\/en\/fiesta-mayor-de-gracia-2018\/","title":{"rendered":"Fiesta Mayor de Gracia 2018"},"content":{"rendered":"<p>The Festa Major de Gr\u00e0cia is the high point of August in Barcelona, \u200b\u200bas during many years in which most of the Barcelonians left the city during this month, these festivities brought life, joy and entertainment in the middle of the hottest month of the year.<\/p>\n<p>This year the Festa Major de Gr\u00e0cia will be held from August 15 to 21.<\/p>\n<p>The success of this celebration lies in the great involvement of the neighborhood, which lives the whole week with a lot of passion. Many activities of all kinds are organized: cultural, creative, gastronomic &#8230; and there are musical events both during the day and at night. Dance and sports competitions are also organized &#8230; but the star and soul contest of the whole festival is the competition of streets and balconies decoration, in which the streets, neighbors and shops of the neighborhood participate. The creations that they make are really spectacular and they manage to immerse you in a different environment each corner.<\/p>\n<p><span class=\"\" lang=\"ca\"><span title=\"Las creaciones que realizan son realmente espectaculares y consiguen sumergirte en un ambiente distinto a cada esquina.\n\"><img loading=\"lazy\" class=\"size-full wp-image-4722 aligncenter\" src=\"http:\/\/www.hotelpaseodegracia.es\/wp-content\/uploads\/2018\/07\/festes-de-gracia-2018-01.jpg\" alt=\"Festes de Gr\u00e0cia 2018\" width=\"650\" height=\"350\" srcset=\"https:\/\/www.hotelpaseodegracia.es\/wp-content\/uploads\/2018\/07\/festes-de-gracia-2018-01.jpg 650w, https:\/\/www.hotelpaseodegracia.es\/wp-content\/uploads\/2018\/07\/festes-de-gracia-2018-01-300x162.jpg 300w\" sizes=\"(max-width: 650px) 100vw, 650px\" \/>\u00a0<\/span><\/span><\/p>\n<p>The Festa Major de Gr\u00e0cia even has its own app so you will not miss anything!<\/p>\n<p style=\"text-align: center;\"><a target=\"_blank\" href=\"https:\/\/reservations.verticalbooking.com\/reservations\/index.html?lingua_int=eng&#038;id_stile=13265&#038;id_albergo=17502&#038;dc=4515\" class=\"ww-button sf-button medium black squarearrow  \"><span>Stay with us and enjoy this celebration!<\/span><span class=\"arrow\"><\/span><\/a><\/p>\n<p><span id=\"result_box\" class=\"\" lang=\"ca\"><span title=\"\u00a1La fiesta de Gracia incluso tiene su propia app para que no te pierdas nada!\">La festa de Gr\u00e0cia fins i tot t\u00e9 la seva pr\u00f2pia app perqu\u00e8 no et perdis res!<\/span><\/span><\/p>\n","protected":false},"excerpt":{"rendered":"<p>The Festa Major de Gr\u00e0cia is the high point of August in Barcelona, \u200b\u200bas during many years in which most of the Barcelonians left the city during this month, these festivities brought life, joy and entertainment in the middle of the hottest month of the year. This year the Festa Major de Gr\u00e0cia will be [&hellip;]<\/p>\n","protected":false},"author":1,"featured_media":0,"comment_status":"closed","ping_status":"closed","sticky":false,"template":"","format":"standard","meta":[],"categories":[12,10,10],"tags":[],"_links":{"self":[{"href":"https:\/\/www.hotelpaseodegracia.es\/en\/wp-json\/wp\/v2\/posts\/4727"}],"collection":[{"href":"https:\/\/www.hotelpaseodegracia.es\/en\/wp-json\/wp\/v2\/posts"}],"about":[{"href":"https:\/\/www.hotelpaseodegracia.es\/en\/wp-json\/wp\/v2\/types\/post"}],"author":[{"embeddable":true,"href":"https:\/\/www.hotelpaseodegracia.es\/en\/wp-json\/wp\/v2\/users\/1"}],"replies":[{"embeddable":true,"href":"https:\/\/www.hotelpaseodegracia.es\/en\/wp-json\/wp\/v2\/comments?post=4727"}],"version-history":[{"count":1,"href":"https:\/\/www.hotelpaseodegracia.es\/en\/wp-json\/wp\/v2\/posts\/4727\/revisions"}],"predecessor-version":[{"id":4728,"href":"https:\/\/www.hotelpaseodegracia.es\/en\/wp-json\/wp\/v2\/posts\/4727\/revisions\/4728"}],"wp:attachment":[{"href":"https:\/\/www.hotelpaseodegracia.es\/en\/wp-json\/wp\/v2\/media?parent=4727"}],"wp:term":[{"taxonomy":"category","embeddable":true,"href":"https:\/\/www.hotelpaseodegracia.es\/en\/wp-json\/wp\/v2\/categories?post=4727"},{"taxonomy":"post_tag","embeddable":true,"href":"https:\/\/www.hotelpaseodegracia.es\/en\/wp-json\/wp\/v2\/tags?post=4727"}],"curies":[{"name":"wp","href":"https:\/\/api.w.org\/{rel}","templated":true}]}}