{"id":4705,"date":"2018-07-10T10:46:35","date_gmt":"2018-07-10T10:46:35","guid":{"rendered":"http:\/\/www.hotelpaseodegracia.es\/?p=4705"},"modified":"2018-07-10T10:46:35","modified_gmt":"2018-07-10T10:46:35","slug":"cruilla-festival-barcelona-2018","status":"publish","type":"post","link":"https:\/\/www.hotelpaseodegracia.es\/en\/cruilla-festival-barcelona-2018\/","title":{"rendered":"Cru\u00eflla Festival Barcelona 2018"},"content":{"rendered":"<p>The Parc del F\u00f2rum will be the venue for the <strong>Cru\u00eflla Festival in Barcelona<\/strong>, \u200b\u200bwhich will take place from July 12 to 14 and will receive almost 40 artists from all kinds of trends and musical styles.<\/p>\n<p>The outdoor location, by the sea, is just one of the great attractions of this festival that brings to Barcelona both national and international artists, always thinking of making a multicultural event.<\/p>\n<p>David Byrne, Jack White, Prophets of Rage, Pharrell Williams, Justice, Kygo, LP, Ben Howard, Bomba Est\u00e9reo, La Pegatina, Los Catarres, Joan Daus\u00e0, Ramon Mirabet and Blaumut, among others, are part of the <strong>Cru\u00eflla Festival<\/strong>&#8216;s program for this year 2018.<\/p>\n<p><img loading=\"lazy\" class=\"size-full wp-image-4700 aligncenter\" src=\"http:\/\/www.hotelpaseodegracia.es\/wp-content\/uploads\/2018\/07\/fetival-cruilla-2018-01.jpg\" alt=\"Festival Cru\u00eflla Barcelona 2018\" width=\"650\" height=\"350\" srcset=\"https:\/\/www.hotelpaseodegracia.es\/wp-content\/uploads\/2018\/07\/fetival-cruilla-2018-01.jpg 650w, https:\/\/www.hotelpaseodegracia.es\/wp-content\/uploads\/2018\/07\/fetival-cruilla-2018-01-300x162.jpg 300w\" sizes=\"(max-width: 650px) 100vw, 650px\" \/><\/p>\n<h2>Cru\u00eflla Barcelona, \u200b\u200bbeyond music.<\/h2>\n<p>But the Cru\u00eflla has long been more than just music. The stage element will be provided by La Fura dels Baus with the show <em>Dreams<\/em> and Aquelarre de Cervera will perform a popular celebration with fire and music. This year, Cru\u00eflla will also have areas for fashion, art, fair trade, foodtrucks, technology and well-being, with a social and environmental responsibility.<\/p>\n<p style=\"text-align: center;\"><a target=\"_blank\" href=\"https:\/\/reservations.verticalbooking.com\/reservations\/index.html?lingua_int=eng&#038;id_stile=13265&#038;id_albergo=17502&#038;dc=4515\" class=\"ww-button sf-button medium black squarearrow  \"><span>Book now!<\/span><span class=\"arrow\"><\/span><\/a><\/p>\n<p>\u00a0 <em>Fonts: timeout.cat, cruillabarcelona.com<\/em><\/p>\n","protected":false},"excerpt":{"rendered":"<p>The Parc del F\u00f2rum will be the venue for the Cru\u00eflla Festival in Barcelona, \u200b\u200bwhich will take place from July 12 to 14 and will receive almost 40 artists from all kinds of trends and musical styles. The outdoor location, by the sea, is just one of the great attractions of this festival that brings [&hellip;]<\/p>\n","protected":false},"author":1,"featured_media":0,"comment_status":"closed","ping_status":"closed","sticky":false,"template":"","format":"standard","meta":[],"categories":[12,10,10],"tags":[],"_links":{"self":[{"href":"https:\/\/www.hotelpaseodegracia.es\/en\/wp-json\/wp\/v2\/posts\/4705"}],"collection":[{"href":"https:\/\/www.hotelpaseodegracia.es\/en\/wp-json\/wp\/v2\/posts"}],"about":[{"href":"https:\/\/www.hotelpaseodegracia.es\/en\/wp-json\/wp\/v2\/types\/post"}],"author":[{"embeddable":true,"href":"https:\/\/www.hotelpaseodegracia.es\/en\/wp-json\/wp\/v2\/users\/1"}],"replies":[{"embeddable":true,"href":"https:\/\/www.hotelpaseodegracia.es\/en\/wp-json\/wp\/v2\/comments?post=4705"}],"version-history":[{"count":1,"href":"https:\/\/www.hotelpaseodegracia.es\/en\/wp-json\/wp\/v2\/posts\/4705\/revisions"}],"predecessor-version":[{"id":4706,"href":"https:\/\/www.hotelpaseodegracia.es\/en\/wp-json\/wp\/v2\/posts\/4705\/revisions\/4706"}],"wp:attachment":[{"href":"https:\/\/www.hotelpaseodegracia.es\/en\/wp-json\/wp\/v2\/media?parent=4705"}],"wp:term":[{"taxonomy":"category","embeddable":true,"href":"https:\/\/www.hotelpaseodegracia.es\/en\/wp-json\/wp\/v2\/categories?post=4705"},{"taxonomy":"post_tag","embeddable":true,"href":"https:\/\/www.hotelpaseodegracia.es\/en\/wp-json\/wp\/v2\/tags?post=4705"}],"curies":[{"name":"wp","href":"https:\/\/api.w.org\/{rel}","templated":true}]}}