{"id":2101,"date":"2013-10-16T11:52:13","date_gmt":"2013-10-16T11:52:13","guid":{"rendered":""},"modified":"2017-09-27T13:04:57","modified_gmt":"2017-09-27T13:04:57","slug":"xix-salon-del-manga-de-barcelona","status":"publish","type":"post","link":"https:\/\/www.hotelpaseodegracia.es\/en\/xix-salon-del-manga-de-barcelona\/","title":{"rendered":"XIX Sal\u00f3n del Manga de Barcelona"},"content":{"rendered":"<div class=\"field_titular_evento\">\n<div><b>Titular:<\/b><\/div>\n<p>XIX Salon del Manga de Barcelona<\/p>\n<\/div>\n<div class=\"field_lugar_evento\">\n<div><b>Lugar evento:<\/b><\/div>\n<p>Fira Barcelona, Montju\u00efc<\/p>\n<\/div>\n<div class=\"field_fecha_evento\">\n<div><b>Fecha evento:<\/b><\/div>\n<p>31 Oct &#8211; 3 Nov 2013<\/p>\n<\/div>\n<div class=\"field_descbreve_evento\">\n<div><b>Evento desc breve:<\/b><\/div>\n<\/div>\n<p>The <strong>Salon de Manga de Barcelona<\/strong> keeps increasing its affluence and achieving better notoriety each year. <span title=\"Este a\u00f1o se celebrar\u00e1 del 31 de Octubre al 3 de Noviembre.\">This year it will be held from October 31 to November 3.<\/span><\/p>\n<p><span title=\"Este a\u00f1o se celebrar\u00e1 del 31 de Octubre al 3 de Noviembre.\">\u00a0<\/span><\/p>\n<p><span title=\"El Manga es un estilo de c\u00f3mic desarrollado en Jap\u00f3n a finales del siglo XIX aunque el manga moderno como lo conocemos hoy en d\u00eda se desarroll\u00f3 principalmente despu\u00e9s de la II Guerra Mundial, durante los a\u00f1os de ocupaci\u00f3n.\">The <strong>Manga <\/strong>is a comic style developed in Japan in the late nineteenth century but modern manga as we know it today was developed mainly after World War II, during the years of occupation. <\/span><span title=\"Las historias de manga enganchan de gente de todas las edades, consiguiendo un p\u00fablico muy fiel.\">The manga stories engage people of all ages, getting a very loyal audience.<\/span><\/p>\n<p><span title=\"El Sal\u00f3n del Manga de Barcelona celebra ya su XIX edici\u00f3n, la segunda que celebra en el recinto ferial de Montju\u00efc de Fira de Barcelona.\">The Salon del <strong>Manga de Barcelona<\/strong> celebrates this year its nineteenth edition, the second one held in the Montju\u00efc exhibition center in Fira de Barcelona. <\/span><span title=\"Cada a\u00f1o consigue atraer m\u00e1s aficionados, y este a\u00f1o ocupar\u00e1 2 pavellones.\">Each year it manages to attract more fans , and this year it will occupy two pavilions. <\/span><span title=\"Uno de los principales invitados de esta edici\u00f3n es Junichi Masuda, el creador del videojuego de Pokemon, uno de los m\u00e1s exitosos de toda la historia, que presentar\u00e1 los nuevos juegos de la saga Pokemon X y Pokemon Y.\">One of the main guests of this edition is Junichi Masuda, the creator of the Pokemon video game, one of the most successful of all times, who will be presenting the new series of games: <em>Pok\u00e9mon X<\/em> and <em>Pok\u00e9mon Y<\/em>.<\/span><\/p>\n<p><span title=\"Pero como en toda feria que se precie, tambi\u00e9n habr\u00e1 concursos, exposiciones, actividades, presentaciones, actuaciones, etc.\">But as in any other fair, there will also be competitions, exhibitions, activities, presentations , performances, etc.<\/span><\/p>\n<p><span title=\"Si quer\u00e9is venir a Barcelona para disfrutar del Salon del Manga de Barcelona, pod\u00e9is alojaros en nuestro hotel low cost ubicado en el centro de Barcelona.\">If you want to come to enjoy the Salon del <strong>Manga de Barcelona<\/strong>, you can stay in our<a title=\"low cost hotel barcelona\" href=\"http:\/\/www.hotelpaseodegracia.es\/webnova\/?p=1937\"> low cost hotel located in the center of Barcelona<\/a>. <\/span><span title=\"Tambi\u00e9n pod\u00e9is aprovechar la oferta de Renfe que ofrece un 30% de descuento a los asistentes al Salon del Manga de Barcelona.\">You can also take advantage of Renfe, who is offering a 30% discount to those attending the Salon del Manga de Barcelona. <\/span><\/p>\n<p><span title=\"\u00a1Y felices d\u00edas de manga!\">Happy manga days!<\/span><\/p>\n<p><span title=\"Toda la informaci\u00f3n la encontrar\u00e9is en: http:\/\/manga-xix.ficomic.com\/default.cfm\">You can find plenty of useful information in: <a href=\"http:\/\/manga-xix.ficomic.com\/default.cfm\" target=\"_blank\">http:\/\/manga-xix.ficomic.com\/default.cfm<\/a><\/span><\/p>\n<p>&nbsp;<\/p>\n<p>Back to <a title=\"Agenda Barcelona\" href=\"http:\/\/www.hotelpaseodegracia.es\/webnova\/?p=2091\">Agenda Barcelona<\/a><\/p>\n<p>Book a room at <a href=\"https:\/\/reservations.verticalbooking.com\/reservations\/index.html?lingua_int=eng&amp;id_stile=13265&amp;id_albergo=17502&amp;dc=4515\" target=\"_blank\">Hotel Paseo de Gracia*<\/a> or at <a title=\"boutique hotel in Barcelona\" href=\"http:\/\/www.hotelactual.com\" target=\"_blank\">Hotel Actual ***<\/a><\/p>\n<p>&nbsp;<\/p>\n","protected":false},"excerpt":{"rendered":"<p>Titular: XIX Salon del Manga de Barcelona Lugar evento: Fira Barcelona, Montju\u00efc Fecha evento: 31 Oct &#8211; 3 Nov 2013 Evento desc breve: The Salon de Manga de Barcelona keeps increasing its affluence and achieving better notoriety each year. This year it will be held from October 31 to November 3. \u00a0 The Manga is [&hellip;]<\/p>\n","protected":false},"author":43774,"featured_media":2512,"comment_status":"closed","ping_status":"closed","sticky":false,"template":"","format":"standard","meta":[],"categories":[12],"tags":[],"_links":{"self":[{"href":"https:\/\/www.hotelpaseodegracia.es\/en\/wp-json\/wp\/v2\/posts\/2101"}],"collection":[{"href":"https:\/\/www.hotelpaseodegracia.es\/en\/wp-json\/wp\/v2\/posts"}],"about":[{"href":"https:\/\/www.hotelpaseodegracia.es\/en\/wp-json\/wp\/v2\/types\/post"}],"author":[{"embeddable":true,"href":"https:\/\/www.hotelpaseodegracia.es\/en\/wp-json\/wp\/v2\/users\/43774"}],"replies":[{"embeddable":true,"href":"https:\/\/www.hotelpaseodegracia.es\/en\/wp-json\/wp\/v2\/comments?post=2101"}],"version-history":[{"count":3,"href":"https:\/\/www.hotelpaseodegracia.es\/en\/wp-json\/wp\/v2\/posts\/2101\/revisions"}],"predecessor-version":[{"id":4488,"href":"https:\/\/www.hotelpaseodegracia.es\/en\/wp-json\/wp\/v2\/posts\/2101\/revisions\/4488"}],"wp:featuredmedia":[{"embeddable":true,"href":"https:\/\/www.hotelpaseodegracia.es\/en\/wp-json\/wp\/v2\/media\/2512"}],"wp:attachment":[{"href":"https:\/\/www.hotelpaseodegracia.es\/en\/wp-json\/wp\/v2\/media?parent=2101"}],"wp:term":[{"taxonomy":"category","embeddable":true,"href":"https:\/\/www.hotelpaseodegracia.es\/en\/wp-json\/wp\/v2\/categories?post=2101"},{"taxonomy":"post_tag","embeddable":true,"href":"https:\/\/www.hotelpaseodegracia.es\/en\/wp-json\/wp\/v2\/tags?post=2101"}],"curies":[{"name":"wp","href":"https:\/\/api.w.org\/{rel}","templated":true}]}}