{"id":1960,"date":"2011-02-07T13:47:49","date_gmt":"2011-02-07T13:47:49","guid":{"rendered":""},"modified":"2016-07-19T12:16:06","modified_gmt":"2016-07-19T12:16:06","slug":"cosmobelleza-wellness-2011-in-barcelona","status":"publish","type":"post","link":"https:\/\/www.hotelpaseodegracia.es\/en\/cosmobelleza-wellness-2011-in-barcelona\/","title":{"rendered":"Cosmobelleza &#038; Wellness 2011 in Barcelona"},"content":{"rendered":"<div class=\"field_titular_evento\">\n<div><b>Titular:<\/b><\/div>\n<p>Cosmobelleza and Wellness in Barcelona<\/p>\n<\/div>\n<div class=\"field_lugar_evento\">\n<div><b>Lugar evento:<\/b><\/div>\n<p>Fira Barcelona<\/p>\n<\/div>\n<div class=\"field_fecha_evento\">\n<div><b>Fecha evento:<\/b><\/div>\n<p>From 26 to 28 February 2011<\/p>\n<\/div>\n<p><strong>Barcelona <\/strong>opens its doors to welcome for the 17th time the international exhibition Cosmobelleza &amp; Wellness for the aesthetic and wellness sector in Spain. <span title=\"Con tres objetivos muy claros: internacionalizaci\u00f3n, formaci\u00f3n y negocio, profesionales y expositores de todo el mundo se dar\u00e1n cita aqu\u00ed para ser part\u00edcipes de las m\u00faltiples actividades, talleres, concursos, congresos y ponencias que tendr\u00e1n lugar durante los 3 d\u00edas que durar\u00e1 el evento (\">With three clear objectives: internationalization, formation and business, professionals and exhibitors from around the world will meet here to partake of the many activities, workshops, competitions, conferences and lectures that take place during the 3 days of the event (from 26 to 28 February 2011). <\/span><\/p>\n<p><span title=\"Este a\u00f1o Cosmobelleza &amp; Welness volver\u00e1 a celebrarse en el recinto ferial de Gran Via en Barcelona, d\u00f3nde la pasada edici\u00f3n ocup\u00f3 una superficie de casi 10.000 metros cuadrados.\">This year Cosmobelleza &amp; Wellness will be held at the fairgrounds in Gran Via in <strong>Barcelona<\/strong>, where the last edition occupied an area of nearly 10,000 square meters. <\/span><span title=\"LA convocatoria de 2010 acogi\u00f3 a m\u00e1s de 300 expositores (un 30% de ellos internacionales), y m\u00e1s de 80.000 profesionales.\">The event in 2010 welcomed over 300 exhibitors (30% of them international), and over 80,000 professionals. <\/span><\/p>\n<p><span title=\"Si busc\u00e1is un alojamiento barato y c\u00e9ntrico durante estas fechas, Hotel Paseo de Gracia es ideal por su ubicaci\u00f3n privilegiada en el centro de Barcelona y sus precios s\u00faper econ\u00f3micos.\">If you are looking for a <strong>cheap and central place to stay<\/strong> during these dates,<strong> Hotel Paseo de Gracia <\/strong>is ideal for its location in the <strong>center of Barcelona<\/strong> and its super cheap prices. <\/span><span title=\"Para un hotel de categor\u00eda superior, pod\u00e9is ver Hotel Actual, un c\u00f3modo y econ\u00f3mico hotel boutique en el Paseo de Gracia.\">For a higher class <strong>hotel<\/strong>, you can see <a href=\"http:\/\/www.hotelactual.com\">Hotel Actual<\/a> (3*), a comfortable and affordable<strong> boutique hotel<\/strong> in Passeig de Gracia, <strong>in the center of Barcelona<\/strong>.<\/span><\/p>\n","protected":false},"excerpt":{"rendered":"<p>Titular: Cosmobelleza and Wellness in Barcelona Lugar evento: Fira Barcelona Fecha evento: From 26 to 28 February 2011 Barcelona opens its doors to welcome for the 17th time the international exhibition Cosmobelleza &amp; Wellness for the aesthetic and wellness sector in Spain. With three clear objectives: internationalization, formation and business, professionals and exhibitors from around [&hellip;]<\/p>\n","protected":false},"author":43774,"featured_media":0,"comment_status":"open","ping_status":"open","sticky":false,"template":"","format":"standard","meta":[],"categories":[12],"tags":[],"_links":{"self":[{"href":"https:\/\/www.hotelpaseodegracia.es\/en\/wp-json\/wp\/v2\/posts\/1960"}],"collection":[{"href":"https:\/\/www.hotelpaseodegracia.es\/en\/wp-json\/wp\/v2\/posts"}],"about":[{"href":"https:\/\/www.hotelpaseodegracia.es\/en\/wp-json\/wp\/v2\/types\/post"}],"author":[{"embeddable":true,"href":"https:\/\/www.hotelpaseodegracia.es\/en\/wp-json\/wp\/v2\/users\/43774"}],"replies":[{"embeddable":true,"href":"https:\/\/www.hotelpaseodegracia.es\/en\/wp-json\/wp\/v2\/comments?post=1960"}],"version-history":[{"count":1,"href":"https:\/\/www.hotelpaseodegracia.es\/en\/wp-json\/wp\/v2\/posts\/1960\/revisions"}],"predecessor-version":[{"id":3627,"href":"https:\/\/www.hotelpaseodegracia.es\/en\/wp-json\/wp\/v2\/posts\/1960\/revisions\/3627"}],"wp:attachment":[{"href":"https:\/\/www.hotelpaseodegracia.es\/en\/wp-json\/wp\/v2\/media?parent=1960"}],"wp:term":[{"taxonomy":"category","embeddable":true,"href":"https:\/\/www.hotelpaseodegracia.es\/en\/wp-json\/wp\/v2\/categories?post=1960"},{"taxonomy":"post_tag","embeddable":true,"href":"https:\/\/www.hotelpaseodegracia.es\/en\/wp-json\/wp\/v2\/tags?post=1960"}],"curies":[{"name":"wp","href":"https:\/\/api.w.org\/{rel}","templated":true}]}}