{"id":7741,"date":"2023-02-16T11:04:00","date_gmt":"2023-02-16T11:04:00","guid":{"rendered":"https:\/\/www.hotelpaseodegracia.es\/?p=7741"},"modified":"2023-02-16T11:25:47","modified_gmt":"2023-02-16T11:25:47","slug":"mwc-2023-a-barcelona","status":"publish","type":"post","link":"https:\/\/www.hotelpaseodegracia.es\/ca\/mwc-2023-a-barcelona\/","title":{"rendered":"MWC 2023 a Barcelona"},"content":{"rendered":"<ul>\n<li><strong><em>Qu\u00e8?<\/em><\/strong> Mobile World Congress Barcelona<\/li>\n<li><strong><em>Quan?<\/em><\/strong> Del 27 de febrer al 2 de mar\u00e7 de 2023<\/li>\n<li><strong><em>On? <\/em><\/strong><em>Fira de Barcelona Gran Via<br \/>\n<\/em><\/li>\n<li><a href=\"https:\/\/www.mwcbarcelona.com\" target=\"_blank\" rel=\"noopener\"><em><strong>Web oficial<\/strong><\/em><\/a><\/li>\n<\/ul>\n<p>&nbsp;<\/p>\n<p>El Mobile World Congress torna un any m\u00e9s a Barcelona, del 27 de febrer al 2 de mar\u00e7 a les instal\u00b7lacions de Fira de Barcelona. El MWC \u00e9s l&#8217;esdeveniment m\u00e9s gran a nivell mundial de les tecnologies m\u00f2bils i amb els anys s&#8217;ha anat unint al congr\u00e9s la presentaci\u00f3 d&#8217;altres tecnologies innovadores.<\/p>\n<p>Despr\u00e9s d&#8217;uns anys marcats per les restriccions a causa de la pand\u00e8mia per Covid, el MWC torna amb molta for\u00e7a, moltes novetats i les marques tecnol\u00f2giques de m\u00e9s prestigi, a les quals se suma un programa de confer\u00e8ncies a c\u00e0rrec dels CEO m\u00e9s influents del moment. Amb el lema &#8216;Velocity. Unleashing Tomorrow&#8217;s technology today&#8217;, que posa el focus en l&#8217;expansi\u00f3 i la velocitat de la connectivitat global a internet, el MWC23 presentar\u00e0 al p\u00fablic les tecnologies del dem\u00e0 i analitzar\u00e0 altres mercats en creixement com l&#8217;acceleraci\u00f3 5G, el cloud, l&#8217;Internet de les Coses (IOT), la realitat virtual i la realitat augmentada, el metavers, la blockchain, la computaci\u00f3 qu\u00e0ntica o les terres rares, indispensables per a la producci\u00f3 tecnol\u00f2gica.<\/p>\n<p>&nbsp;<\/p>\n<h2>Un MWC sense restriccions per Covid<\/h2>\n<p>A nivell pr\u00e0ctic, cal destacar que ja no hi ha a Barcelona cap restricci\u00f3 a causa del Covid. Els assistents al MWC 2023 podran accedir al recinte sense necessitat de mascareta ni de test Covid, aix\u00ed com tampoc ja \u00e9s necessari l&#8217;\u00fas de mascareta al transport p\u00fablic. Des de l&#8217;Hotel Paseo de Gracia, el seu <a href=\"https:\/\/www.hotelpaseodegracia.es\/ca\/\">hotel al centre de Barcelona<\/a>, donem la benvinguda a tots els participants i els desitgem una feli\u00e7 i profitosa estada.<\/p>\n<p>&nbsp;<\/p>\n<p style=\"text-align: center;\"><a target=\"_blank\" href=\"https:\/\/reservations.verticalbooking.com\/reservations\/index.html?lingua_int=cat&#038;id_stile=13265&#038;id_albergo=17502&#038;dc=4515\" class=\"ww-button sf-button medium black squarearrow  \"><span>\u00a1Reserva aqu\u00ed tu hotel en Barcelona!<\/span><span class=\"arrow\"><\/span><\/a><\/p>\n","protected":false},"excerpt":{"rendered":"<p>Qu\u00e8? Mobile World Congress Barcelona Quan? Del 27 de febrer al 2 de mar\u00e7 de 2023 On? Fira de Barcelona Gran Via Web oficial &nbsp; El Mobile World Congress torna un any m\u00e9s a Barcelona, del 27 de febrer al 2 de mar\u00e7 a les instal\u00b7lacions de Fira de Barcelona. El MWC \u00e9s l&#8217;esdeveniment m\u00e9s [&hellip;]<\/p>\n","protected":false},"author":1,"featured_media":7733,"comment_status":"closed","ping_status":"open","sticky":false,"template":"","format":"standard","meta":[],"categories":[23],"tags":[],"_links":{"self":[{"href":"https:\/\/www.hotelpaseodegracia.es\/ca\/wp-json\/wp\/v2\/posts\/7741"}],"collection":[{"href":"https:\/\/www.hotelpaseodegracia.es\/ca\/wp-json\/wp\/v2\/posts"}],"about":[{"href":"https:\/\/www.hotelpaseodegracia.es\/ca\/wp-json\/wp\/v2\/types\/post"}],"author":[{"embeddable":true,"href":"https:\/\/www.hotelpaseodegracia.es\/ca\/wp-json\/wp\/v2\/users\/1"}],"replies":[{"embeddable":true,"href":"https:\/\/www.hotelpaseodegracia.es\/ca\/wp-json\/wp\/v2\/comments?post=7741"}],"version-history":[{"count":1,"href":"https:\/\/www.hotelpaseodegracia.es\/ca\/wp-json\/wp\/v2\/posts\/7741\/revisions"}],"predecessor-version":[{"id":7742,"href":"https:\/\/www.hotelpaseodegracia.es\/ca\/wp-json\/wp\/v2\/posts\/7741\/revisions\/7742"}],"wp:featuredmedia":[{"embeddable":true,"href":"https:\/\/www.hotelpaseodegracia.es\/ca\/wp-json\/wp\/v2\/media\/7733"}],"wp:attachment":[{"href":"https:\/\/www.hotelpaseodegracia.es\/ca\/wp-json\/wp\/v2\/media?parent=7741"}],"wp:term":[{"taxonomy":"category","embeddable":true,"href":"https:\/\/www.hotelpaseodegracia.es\/ca\/wp-json\/wp\/v2\/categories?post=7741"},{"taxonomy":"post_tag","embeddable":true,"href":"https:\/\/www.hotelpaseodegracia.es\/ca\/wp-json\/wp\/v2\/tags?post=7741"}],"curies":[{"name":"wp","href":"https:\/\/api.w.org\/{rel}","templated":true}]}}