{"id":7571,"date":"2022-07-14T09:09:18","date_gmt":"2022-07-14T09:09:18","guid":{"rendered":"http:\/\/www.hotelpaseodegracia.es\/?p=7571"},"modified":"2022-07-14T09:13:43","modified_gmt":"2022-07-14T09:13:43","slug":"grec-festival-2022","status":"publish","type":"post","link":"https:\/\/www.hotelpaseodegracia.es\/ca\/grec-festival-2022\/","title":{"rendered":"Grec Festival 2022"},"content":{"rendered":"<ul>\n<li><strong><em>Qu\u00e8?<\/em><\/strong> Grec Festival Barcelona<\/li>\n<li><strong><em>Quan?<\/em><\/strong> Del 29 de juny al 27 de juliol de 2022<\/li>\n<li><strong><em>On? <\/em><\/strong><em>Diversos espais de Barcelona<\/em><\/li>\n<li><a href=\"https:\/\/www.barcelona.cat\/grec\/\" target=\"_blank\" rel=\"noopener noreferrer\"><em><strong>Web oficial<\/strong><\/em><\/a><\/li>\n<\/ul>\n<p>&nbsp;<\/p>\n<p>El Grec Festival celebra aquest any la seva 46a edici\u00f3 del 29 de juny al 27 de juliol, i ho fa apostant principalment pel talent local i europeu. El Grec \u00e9s un festival de m\u00fasica, dansa, teatre i circ que se celebra cada mes de juliol a Barcelona i que s\u2019ha batejat popularment com el Festival de l\u2019Estiu de Barcelona.<\/p>\n<p>L\u2019edici\u00f3 d\u2019enguany comptar\u00e0 amb 86 espectacles repartits per tota la ciutat, tot i que l\u2019epicentre continuar\u00e0 sent l\u2019escenari original del Teatre Grec, ubicat a Montju\u00efc. Amb el Grec Ciutat, els espais s\u2019amplien pels diferents districtes de la ciutat, i aquest any s\u2019hi afegeix un escenari molt especial, el Molino, amb qu\u00e8 es pret\u00e9n rescatar la mem\u00f2ria del Paral\u00b7lel del music-hall i el cabaret de els anys 80.<\/p>\n<p>Despr\u00e9s de dos anys de pand\u00e8mia i havent d\u2019adaptar-se a les restriccions vigents de cada moment, el Grec Festival 2022 es pot celebrar aquest any sense cap restricci\u00f3 c\u00f2vid, cosa que permetr\u00e0 poder tornar a gaudir de les arts esc\u00e8niques i els escenaris emblem\u00e0tics que ens ofereix el Grec Festival en tota la seva plenitud.<\/p>\n<p>&nbsp;<\/p>\n<p style=\"text-align: center;\"><a target=\"_blank\" href=\"https:\/\/reservations.verticalbooking.com\/reservations\/index.html?lingua_int=cat&#038;id_stile=13265&#038;id_albergo=17502&#038;dc=4515\" class=\"ww-button sf-button medium black squarearrow  \"><span>Reserva ara el teu hotel per aquest estiu!<\/span><span class=\"arrow\"><\/span><\/a><\/p>\n<p>&nbsp;<\/p>\n","protected":false},"excerpt":{"rendered":"<p>Qu\u00e8? Grec Festival Barcelona Quan? Del 29 de juny al 27 de juliol de 2022 On? Diversos espais de Barcelona Web oficial &nbsp; El Grec Festival celebra aquest any la seva 46a edici\u00f3 del 29 de juny al 27 de juliol, i ho fa apostant principalment pel talent local i europeu. El Grec \u00e9s un [&hellip;]<\/p>\n","protected":false},"author":1,"featured_media":7567,"comment_status":"closed","ping_status":"open","sticky":false,"template":"","format":"standard","meta":[],"categories":[37],"tags":[],"_links":{"self":[{"href":"https:\/\/www.hotelpaseodegracia.es\/ca\/wp-json\/wp\/v2\/posts\/7571"}],"collection":[{"href":"https:\/\/www.hotelpaseodegracia.es\/ca\/wp-json\/wp\/v2\/posts"}],"about":[{"href":"https:\/\/www.hotelpaseodegracia.es\/ca\/wp-json\/wp\/v2\/types\/post"}],"author":[{"embeddable":true,"href":"https:\/\/www.hotelpaseodegracia.es\/ca\/wp-json\/wp\/v2\/users\/1"}],"replies":[{"embeddable":true,"href":"https:\/\/www.hotelpaseodegracia.es\/ca\/wp-json\/wp\/v2\/comments?post=7571"}],"version-history":[{"count":2,"href":"https:\/\/www.hotelpaseodegracia.es\/ca\/wp-json\/wp\/v2\/posts\/7571\/revisions"}],"predecessor-version":[{"id":7575,"href":"https:\/\/www.hotelpaseodegracia.es\/ca\/wp-json\/wp\/v2\/posts\/7571\/revisions\/7575"}],"wp:featuredmedia":[{"embeddable":true,"href":"https:\/\/www.hotelpaseodegracia.es\/ca\/wp-json\/wp\/v2\/media\/7567"}],"wp:attachment":[{"href":"https:\/\/www.hotelpaseodegracia.es\/ca\/wp-json\/wp\/v2\/media?parent=7571"}],"wp:term":[{"taxonomy":"category","embeddable":true,"href":"https:\/\/www.hotelpaseodegracia.es\/ca\/wp-json\/wp\/v2\/categories?post=7571"},{"taxonomy":"post_tag","embeddable":true,"href":"https:\/\/www.hotelpaseodegracia.es\/ca\/wp-json\/wp\/v2\/tags?post=7571"}],"curies":[{"name":"wp","href":"https:\/\/api.w.org\/{rel}","templated":true}]}}