{"id":7209,"date":"2020-03-05T14:04:16","date_gmt":"2020-03-05T14:04:16","guid":{"rendered":"http:\/\/www.hotelpaseodegracia.es\/?p=7209"},"modified":"2020-03-05T14:04:16","modified_gmt":"2020-03-05T14:04:16","slug":"a-correr-amb-la-marato-de-barcelona","status":"publish","type":"post","link":"https:\/\/www.hotelpaseodegracia.es\/ca\/a-correr-amb-la-marato-de-barcelona\/","title":{"rendered":"A c\u00f3rrer amb la Marat\u00f3 de Barcelona!"},"content":{"rendered":"<ul>\n<li><strong><em>Qu\u00e8?<\/em><\/strong> Zurich Marat\u00f3 Barcelona<\/li>\n<li><strong><em>Quan?<\/em><\/strong> 15 de mar\u00e7 2020<\/li>\n<li><strong><em>On? <\/em><\/strong>Barcelona<\/li>\n<\/ul>\n<p>Arriba la tradicional marat\u00f3 de Barcelona, \u200b\u200bla Zurich Marat\u00f3 de Barcelona, \u200b\u200bque enguany celebra la seva 42a edici\u00f3. La cursa va comptar l&#8217;any passat amb la participaci\u00f3 de m\u00e9s de 17.000 persones, de nacionalitats molt variades, que van acudir a Barcelona per poder ser part\u00edcips d&#8217;aquest gran esdeveniment de la ciutat.<\/p>\n<p>El tret de sortida de la Zurich Marat\u00f3 Barcelona ser\u00e0 a les 8:30 del mat\u00ed a l&#8217;Av. Reina Maria Cristina, davant de les fonts de Montju\u00efc. Per animar a tots els corredors, el recorregut comptar\u00e0 amb diversos punts d&#8217;animaci\u00f3 amb molts grups de m\u00fasica, batucada, bastoners, etc.<\/p>\n<p><img loading=\"lazy\" class=\"size-full wp-image-7195 aligncenter\" src=\"http:\/\/www.hotelpaseodegracia.es\/wp-content\/uploads\/2020\/03\/2020-zurich-marato-barcelona-02.jpg\" alt=\"Zurich Marat\u00f3 de Barcelona\" width=\"650\" height=\"350\" srcset=\"https:\/\/www.hotelpaseodegracia.es\/wp-content\/uploads\/2020\/03\/2020-zurich-marato-barcelona-02.jpg 650w, https:\/\/www.hotelpaseodegracia.es\/wp-content\/uploads\/2020\/03\/2020-zurich-marato-barcelona-02-300x162.jpg 300w\" sizes=\"(max-width: 650px) 100vw, 650px\" \/><\/p>\n<p>Paral\u00b7lelament s&#8217;han organitzat altres activitats, com la Breakfast Run, la Kids Race, la Pasta Party o l&#8217;Expo Sports. A m\u00e9s, gr\u00e0cies a la col\u00b7laboraci\u00f3 amb migranodearena.org, es pot participar a la Zurich Marat\u00f3 de Barcelona d&#8217;una forma solid\u00e0ria i donar suport a una ONG.<\/p>\n<p>Tot i la incertesa generada pel coronavirus, tant l&#8217;organitzaci\u00f3 de la Zurich Marat\u00f3 de Barcelona com l&#8217;Ajuntament de Barcelona han decidit mantenir la seva celebraci\u00f3, ja que s&#8217;estan prenent totes les mesures possibles i se segueixen les recomanacions de les autoritats sanit\u00e0ries.<\/p>\n<p>Tota la informaci\u00f3 sobre la Zurich Marat\u00f3 Barcelona, \u200b\u200baix\u00ed com tots els detalls pr\u00e0ctics, des d&#8217;on trobar dutxes, servei de guarda-roba, com arribar, etc. es pot trobar a la <a href=\"https:\/\/www.zurichmaratobarcelona.es\/cat\/\" target=\"_blank\" rel=\"noopener noreferrer\">p\u00e0gina web oficial<\/a> de la Marat\u00f3 de Barcelona.<\/p>\n<p style=\"text-align: center;\"><a target=\"_blank\" href=\"https:\/\/reservations.verticalbooking.com\/reservations\/index.html?lingua_int=cat&#038;id_stile=13265&#038;id_albergo=17502&#038;dc=4515\" class=\"ww-button sf-button medium black squarearrow  \"><span>Reserva ara el teu hotel a Barcelona!<\/span><span class=\"arrow\"><\/span><\/a><\/p>\n<p>&nbsp;<\/p>\n","protected":false},"excerpt":{"rendered":"<p>Qu\u00e8? Zurich Marat\u00f3 Barcelona Quan? 15 de mar\u00e7 2020 On? Barcelona Arriba la tradicional marat\u00f3 de Barcelona, \u200b\u200bla Zurich Marat\u00f3 de Barcelona, \u200b\u200bque enguany celebra la seva 42a edici\u00f3. La cursa va comptar l&#8217;any passat amb la participaci\u00f3 de m\u00e9s de 17.000 persones, de nacionalitats molt variades, que van acudir a Barcelona per poder ser [&hellip;]<\/p>\n","protected":false},"author":1,"featured_media":7202,"comment_status":"closed","ping_status":"closed","sticky":false,"template":"","format":"standard","meta":[],"categories":[23,16,16],"tags":[],"_links":{"self":[{"href":"https:\/\/www.hotelpaseodegracia.es\/ca\/wp-json\/wp\/v2\/posts\/7209"}],"collection":[{"href":"https:\/\/www.hotelpaseodegracia.es\/ca\/wp-json\/wp\/v2\/posts"}],"about":[{"href":"https:\/\/www.hotelpaseodegracia.es\/ca\/wp-json\/wp\/v2\/types\/post"}],"author":[{"embeddable":true,"href":"https:\/\/www.hotelpaseodegracia.es\/ca\/wp-json\/wp\/v2\/users\/1"}],"replies":[{"embeddable":true,"href":"https:\/\/www.hotelpaseodegracia.es\/ca\/wp-json\/wp\/v2\/comments?post=7209"}],"version-history":[{"count":1,"href":"https:\/\/www.hotelpaseodegracia.es\/ca\/wp-json\/wp\/v2\/posts\/7209\/revisions"}],"predecessor-version":[{"id":7211,"href":"https:\/\/www.hotelpaseodegracia.es\/ca\/wp-json\/wp\/v2\/posts\/7209\/revisions\/7211"}],"wp:featuredmedia":[{"embeddable":true,"href":"https:\/\/www.hotelpaseodegracia.es\/ca\/wp-json\/wp\/v2\/media\/7202"}],"wp:attachment":[{"href":"https:\/\/www.hotelpaseodegracia.es\/ca\/wp-json\/wp\/v2\/media?parent=7209"}],"wp:term":[{"taxonomy":"category","embeddable":true,"href":"https:\/\/www.hotelpaseodegracia.es\/ca\/wp-json\/wp\/v2\/categories?post=7209"},{"taxonomy":"post_tag","embeddable":true,"href":"https:\/\/www.hotelpaseodegracia.es\/ca\/wp-json\/wp\/v2\/tags?post=7209"}],"curies":[{"name":"wp","href":"https:\/\/api.w.org\/{rel}","templated":true}]}}