{"id":7121,"date":"2020-02-06T11:41:45","date_gmt":"2020-02-06T11:41:45","guid":{"rendered":"http:\/\/www.hotelpaseodegracia.es\/?p=7121"},"modified":"2020-02-06T11:42:28","modified_gmt":"2020-02-06T11:42:28","slug":"mwc-2020-barcelona","status":"publish","type":"post","link":"https:\/\/www.hotelpaseodegracia.es\/ca\/mwc-2020-barcelona\/","title":{"rendered":"MWC 2020 Barcelona"},"content":{"rendered":"<ul>\n<li><strong><em>Qu\u00e8?<\/em><\/strong> Mobile World Congress Barcelona<\/li>\n<li><strong><em>Quan?<\/em><\/strong> Del 24 al 27 de febrer 2020<\/li>\n<li><strong><em>On?<\/em> <\/strong>Fira de Barcelona, Gran Via<\/li>\n<\/ul>\n<p>&nbsp;<\/p>\n<p>Sota el lema &#8220;Limitless Intelligent Connectivity&#8221;, torna el Mobile World Congress, ara MWC Barcelona, \u200b\u200bdel 24 al 27 de Gener 2020.<\/p>\n<p>L&#8217;MWC Barcelona \u00e9s l&#8217;esdeveniment m\u00e9s important del m\u00f3n de la tecnologia m\u00f2bil, una cita en qu\u00e8 s&#8217;espera veure els darrers tel\u00e8fons ins\u00edgnia de les grans marques, aix\u00ed com tot tipus de tecnologies m\u00f2bils i les propostes de startups. Qualsevol empresa relacionada amb el m\u00f3n de la tecnologia m\u00f2bil no vol perdre\u2019s aquesta gran cita a Barcelona.<\/p>\n<p>El Centre de Convencions Gran Via de Fira de Barcelona, \u200b\u200bser\u00e0 l\u2019epicentre del MWC Barcelona. L\u2019any passat el MWC va aconseguir batre r\u00e8cord de visitants amb gaireb\u00e9 109.000 visitants. Va comptar amb 2.400 empreses expositores, 160 delegacions governamentals i 200 pa\u00efsos i regions van estar-hi representades. Les previsions per al MWC20 \u00e9s arribar a atreure 110.000 visitants, amb un impacte econ\u00f2mic de 492 milions d\u2019euros i la creaci\u00f3 de m\u00e9s de 14.000 llocs de treball temporals.<\/p>\n<h2><\/h2>\n<h2>Les tem\u00e0tiques principals del MWC20 Barcelona<\/h2>\n<p>A m\u00e9s de presentacions de productes i de les \u00faltimes tecnologies, el MWC Barcelona destaca tamb\u00e9 pels Keynote speakers convidats cada any, dirigents de les empreses m\u00e9s influents del m\u00f3n, i per la generaci\u00f3 de debat sobre la transformaci\u00f3 tecnol\u00f2gica. D&#8217;aquesta manera, els principals eixos de debat d&#8217;aquest any seran el desplegament de l&#8217;5G i la Intel\u00b7lig\u00e8ncia Artificial.<\/p>\n<p>&nbsp;<\/p>\n<p><img loading=\"lazy\" class=\"size-full wp-image-7109 aligncenter\" src=\"http:\/\/www.hotelpaseodegracia.es\/wp-content\/uploads\/2020\/02\/2020-mobile-world-congress-barcelona-2.jpg\" alt=\"MWC Barcelona 2020\" width=\"650\" height=\"350\" srcset=\"https:\/\/www.hotelpaseodegracia.es\/wp-content\/uploads\/2020\/02\/2020-mobile-world-congress-barcelona-2.jpg 650w, https:\/\/www.hotelpaseodegracia.es\/wp-content\/uploads\/2020\/02\/2020-mobile-world-congress-barcelona-2-300x162.jpg 300w\" sizes=\"(max-width: 650px) 100vw, 650px\" \/><\/p>\n<h2><\/h2>\n<h2>La cita de l&#8217;MWC per als emprenedors<\/h2>\n<p>D&#8217;altra banda, l&#8217;esdeveniment 4YFN (Four Years From Now) celebra ja la seva 7a edici\u00f3. En aquest esdeveniment paral\u00b7lel a l&#8217;MWC Barcelona, \u200b\u200bles startups s\u00f3n les protagonistes i es preveu que sigui l&#8217;edici\u00f3 amb m\u00e9s participants, ja que multiplicar\u00e0 per m\u00e9s de dos la seva pres\u00e8ncia, obligant aix\u00ed a l\u2019organitzaci\u00f3 a passar el 4FWN del Pavell\u00f3 8 als Pavellons 1 i 2 de la zona de la Fira de Montju\u00efc.<\/p>\n<p>&nbsp;<\/p>\n<h2>La novetat de l&#8217;MWC Barcelona 2020: una alian\u00e7a amb el S\u00f3nar<\/h2>\n<p>La gran novetat de l&#8217;MWC Barcelona 2020, m\u00e9s enll\u00e0 del que \u00e9s purament tecnol\u00f2gic, \u00e9s l&#8217;alian\u00e7a que ha fet el MWC amb el S\u00f3nar per crear l\u2019 <strong>Xside<\/strong>. Xside ser\u00e0 un esdeveniment per connectar continguts creatius, art i actuacions que aportar\u00e0 a l&#8217;MWC Barcelona un ambient m\u00e9s dist\u00e8s per la tarda-nit. Xside tindr\u00e0 lloc entre les sis de la tarda i les 11 de la nit en els palaus de Montju\u00efc, i estar\u00e0 obert a tots els p\u00fablics, ja siguin assistents a l&#8217;MWC o no.<\/p>\n<p>&nbsp;<\/p>\n<h2>Consells per atendre el MWC Barcelona<\/h2>\n<h3>Com arribar a l&#8217;MWC:<\/h3>\n<p>La ubicaci\u00f3 principal de l&#8217;MWC \u00e9s el recinte de Fira de Barcelona situat a la zona de Gran Via. Per arribar-hi recomanem fer el seg\u00fcent:<\/p>\n<p>Agafar la L5 de metro a Diagonal, parada que est\u00e0 davant de l&#8217;hotel, fins Collblanc. All\u00e0 cal fer transbord i agafar la nova l\u00ednia de metro L10 (blau clar) fins a la parada &#8220;Foc&#8221;. Des d&#8217;all\u00e0 s\u00f3n tan sols 6 minuts a peu fins al recinte firal de l&#8217;MWC.<\/p>\n<p>Per anar a el nou esdeveniment, Xside, ubicat a la zona de Montju\u00efc, nom\u00e9s cal agafar la L3 (la l\u00ednia verda), la parada est\u00e0 just davant de l&#8217;hotel, i baixar a &#8220;Espanya&#8221;.<\/p>\n<h3>Alguns consells de seguretat:<\/h3>\n<p>Tot i que Barcelona \u00e9s una ciutat segura, com en tota gran ciutat \u00e9s recomanable seguir alguns petits i senzills consells de seguretat:<\/p>\n<ul>\n<li>\u00a0\u00a0\u00a0 No mostrar grans quantitats de diners en p\u00fablic.<\/li>\n<li>\u00a0\u00a0\u00a0 Vigilar sempre les seves pertinences en llocs p\u00fablics.<\/li>\n<li>\u00a0\u00a0\u00a0 Estar atents a bosses, motxilles i butxaques en llocs amb molta gent, especialment en restaurants, metro i autobusos.<\/li>\n<li>\u00a0\u00a0\u00a0 Guardin el pas a l&#8217;MWC quan surtin del recinte.<\/li>\n<\/ul>\n<p>&nbsp;<\/p>\n<h2>Moments d&#8217;oci:<\/h2>\n<p>Esperem que la seva visita a Barcelona per al MWC li deixi alguns moments per gaudir de la ciutat. Des del nostre hotel, situat al centre de Barcelona, \u200b\u200bpot accedir a molts restaurants, botigues i espais tur\u00edstics. Per ajudar hem preparat un petit llistat amb una selecci\u00f3 de restaurants i llocs per visitar. Podeu veure les nostres suggeriments aqu\u00ed.<\/p>\n<p>&nbsp;<\/p>\n<p>Els desitgem un feli\u00e7 MWC!<\/p>\n<p>&nbsp;<\/p>\n<p style=\"text-align: center;\"><a target=\"_blank\" href=\"https:\/\/reservations.verticalbooking.com\/reservations\/index.html?lingua_int=cat&#038;id_stile=13265&#038;id_albergo=17502&#038;dc=4515\" class=\"ww-button sf-button medium black squarearrow  \"><span>Reserva ara el teu hotel a Barcelona!<\/span><span class=\"arrow\"><\/span><\/a><\/p>\n","protected":false},"excerpt":{"rendered":"<p>Qu\u00e8? Mobile World Congress Barcelona Quan? Del 24 al 27 de febrer 2020 On? Fira de Barcelona, Gran Via &nbsp; Sota el lema &#8220;Limitless Intelligent Connectivity&#8221;, torna el Mobile World Congress, ara MWC Barcelona, \u200b\u200bdel 24 al 27 de Gener 2020. L&#8217;MWC Barcelona \u00e9s l&#8217;esdeveniment m\u00e9s important del m\u00f3n de la tecnologia m\u00f2bil, una cita [&hellip;]<\/p>\n","protected":false},"author":1,"featured_media":7116,"comment_status":"closed","ping_status":"closed","sticky":false,"template":"","format":"standard","meta":[],"categories":[23,16],"tags":[],"_links":{"self":[{"href":"https:\/\/www.hotelpaseodegracia.es\/ca\/wp-json\/wp\/v2\/posts\/7121"}],"collection":[{"href":"https:\/\/www.hotelpaseodegracia.es\/ca\/wp-json\/wp\/v2\/posts"}],"about":[{"href":"https:\/\/www.hotelpaseodegracia.es\/ca\/wp-json\/wp\/v2\/types\/post"}],"author":[{"embeddable":true,"href":"https:\/\/www.hotelpaseodegracia.es\/ca\/wp-json\/wp\/v2\/users\/1"}],"replies":[{"embeddable":true,"href":"https:\/\/www.hotelpaseodegracia.es\/ca\/wp-json\/wp\/v2\/comments?post=7121"}],"version-history":[{"count":2,"href":"https:\/\/www.hotelpaseodegracia.es\/ca\/wp-json\/wp\/v2\/posts\/7121\/revisions"}],"predecessor-version":[{"id":7123,"href":"https:\/\/www.hotelpaseodegracia.es\/ca\/wp-json\/wp\/v2\/posts\/7121\/revisions\/7123"}],"wp:featuredmedia":[{"embeddable":true,"href":"https:\/\/www.hotelpaseodegracia.es\/ca\/wp-json\/wp\/v2\/media\/7116"}],"wp:attachment":[{"href":"https:\/\/www.hotelpaseodegracia.es\/ca\/wp-json\/wp\/v2\/media?parent=7121"}],"wp:term":[{"taxonomy":"category","embeddable":true,"href":"https:\/\/www.hotelpaseodegracia.es\/ca\/wp-json\/wp\/v2\/categories?post=7121"},{"taxonomy":"post_tag","embeddable":true,"href":"https:\/\/www.hotelpaseodegracia.es\/ca\/wp-json\/wp\/v2\/tags?post=7121"}],"curies":[{"name":"wp","href":"https:\/\/api.w.org\/{rel}","templated":true}]}}