{"id":7058,"date":"2019-12-19T12:13:32","date_gmt":"2019-12-19T12:13:32","guid":{"rendered":"http:\/\/www.hotelpaseodegracia.es\/?p=7058"},"modified":"2019-12-19T12:13:32","modified_gmt":"2019-12-19T12:13:32","slug":"la-nit-del-passeig-de-gracia","status":"publish","type":"post","link":"https:\/\/www.hotelpaseodegracia.es\/ca\/la-nit-del-passeig-de-gracia\/","title":{"rendered":"La Nit del Passeig de Gr\u00e0cia"},"content":{"rendered":"<ul>\n<li><strong><em>Qu\u00e8?<\/em><\/strong> La Nit del Passeig de Gr\u00e0cia<\/li>\n<li><strong><em>Quan?<\/em><\/strong> 19 de desembre 2019<\/li>\n<li><strong><em>On?<\/em> <\/strong>Passeig de Gr\u00e0cia, Barceloa<\/li>\n<\/ul>\n<p>The Shopping Night Barcelona ha canviat el seu nom per passar a dir-se La Nit del Passeig de Gr\u00e0cia.<\/p>\n<p>Canvia de nom i canvia de dates. Si fins ara sempre s&#8217;havia celebrat a finals de novembre, coincidint amb l&#8217;encesa de les llums de nadal, aquest any la nova Nit del Passeig de Gr\u00e0cia tindr\u00e0 lloc el 19 de desembre.<\/p>\n<p>Per\u00f2 l&#8217;ess\u00e8ncia de The Shopping Night Barcelona es mantindr\u00e0 amb La Nit del Passeig de Gr\u00e0cia: les botigues de Passeig de Gr\u00e0cia i voltants estaran obertes fins a la 12:00 de la nit, i es complementaran amb activitats, concerts, sortejos, descomptes &#8230; Una nit plena de llum i color per acompanyar les \u00faltimes compres abans de Nadal.<\/p>\n<h2><\/h2>\n<h2>Compres, gastronomia, m\u00fasica i cultura a la Nit del Passeig de Gr\u00e0cia<\/h2>\n<p>Al llarg del Passeig de Gr\u00e0cia, des dels Jardinets de Gr\u00e0cia fins al carrer Casp, s&#8217;instal\u00b7laran cinc escenaris amb m\u00fasica de diferents estils: jazz, rock, m\u00fasica urbana, swing i gospel. S&#8217;ha organitzat, a m\u00e9s, el primer concurs de bandes de Gospel.<\/p>\n<p>Tamb\u00e9 hi haur\u00e0 una instal\u00b7laci\u00f3 feta amb 7.200 llums led sincronitzades amb la m\u00fasica, que permetran als assistents caminar per l&#8217;interior i gaudir d&#8217;una experi\u00e8ncia immersiva.<\/p>\n<div id=\"attachment_7046\" style=\"width: 660px\" class=\"wp-caption aligncenter\"><img aria-describedby=\"caption-attachment-7046\" loading=\"lazy\" class=\"wp-image-7046 size-full\" src=\"http:\/\/www.hotelpaseodegracia.es\/wp-content\/uploads\/2019\/12\/la-nit-del-passeig-de-gracia-2019-b.jpg\" alt=\"La nit del passeig de gracia 2019\" width=\"650\" height=\"350\" srcset=\"https:\/\/www.hotelpaseodegracia.es\/wp-content\/uploads\/2019\/12\/la-nit-del-passeig-de-gracia-2019-b.jpg 650w, https:\/\/www.hotelpaseodegracia.es\/wp-content\/uploads\/2019\/12\/la-nit-del-passeig-de-gracia-2019-b-300x162.jpg 300w\" sizes=\"(max-width: 650px) 100vw, 650px\" \/><p id=\"caption-attachment-7046\" class=\"wp-caption-text\">Photo: The Shopping Night Barcelona<\/p><\/div>\n<p>Una altra de les activitats de La Nit del Passeig de Gr\u00e0cia ser\u00e0 el bosc d&#8217;hivern, composat per una trentena d&#8217;avets que, a m\u00e9s de decorar, tenen l&#8217;objectiu d&#8217;estimular la consci\u00e8ncia mediambiental.<\/p>\n<p>Per descomptat l&#8217;oferta gastron\u00f2mica tindr\u00e0 un paper destacat a la Nit del Passeig de Gr\u00e0cia. Una desena de restaurants oferiran una proposta gastron\u00f2mica preparada per a l&#8217;ocasi\u00f3, acompanyada de beguda, a un preu especial de 12,00 EUR. Al Palau Robert hi haur\u00e0 parades amb plats nadalencs i tamb\u00e9 hi haur\u00e0 una zona de food trucks entre Gran Via i Casp.<\/p>\n<p style=\"text-align: center;\"><a target=\"_blank\" href=\"https:\/\/reservations.verticalbooking.com\/reservations\/index.html?lingua_int=cat&#038;id_stile=13265&#038;id_albergo=17502&#038;dc=4515\" class=\"ww-button sf-button medium black squarearrow  \"><span>Reserva ara el teu hotel a Barcelona!<\/span><span class=\"arrow\"><\/span><\/a><\/p>\n","protected":false},"excerpt":{"rendered":"<p>Qu\u00e8? La Nit del Passeig de Gr\u00e0cia Quan? 19 de desembre 2019 On? Passeig de Gr\u00e0cia, Barceloa The Shopping Night Barcelona ha canviat el seu nom per passar a dir-se La Nit del Passeig de Gr\u00e0cia. Canvia de nom i canvia de dates. Si fins ara sempre s&#8217;havia celebrat a finals de novembre, coincidint amb [&hellip;]<\/p>\n","protected":false},"author":1,"featured_media":7053,"comment_status":"closed","ping_status":"closed","sticky":false,"template":"","format":"standard","meta":[],"categories":[23,16,16],"tags":[],"_links":{"self":[{"href":"https:\/\/www.hotelpaseodegracia.es\/ca\/wp-json\/wp\/v2\/posts\/7058"}],"collection":[{"href":"https:\/\/www.hotelpaseodegracia.es\/ca\/wp-json\/wp\/v2\/posts"}],"about":[{"href":"https:\/\/www.hotelpaseodegracia.es\/ca\/wp-json\/wp\/v2\/types\/post"}],"author":[{"embeddable":true,"href":"https:\/\/www.hotelpaseodegracia.es\/ca\/wp-json\/wp\/v2\/users\/1"}],"replies":[{"embeddable":true,"href":"https:\/\/www.hotelpaseodegracia.es\/ca\/wp-json\/wp\/v2\/comments?post=7058"}],"version-history":[{"count":1,"href":"https:\/\/www.hotelpaseodegracia.es\/ca\/wp-json\/wp\/v2\/posts\/7058\/revisions"}],"predecessor-version":[{"id":7059,"href":"https:\/\/www.hotelpaseodegracia.es\/ca\/wp-json\/wp\/v2\/posts\/7058\/revisions\/7059"}],"wp:featuredmedia":[{"embeddable":true,"href":"https:\/\/www.hotelpaseodegracia.es\/ca\/wp-json\/wp\/v2\/media\/7053"}],"wp:attachment":[{"href":"https:\/\/www.hotelpaseodegracia.es\/ca\/wp-json\/wp\/v2\/media?parent=7058"}],"wp:term":[{"taxonomy":"category","embeddable":true,"href":"https:\/\/www.hotelpaseodegracia.es\/ca\/wp-json\/wp\/v2\/categories?post=7058"},{"taxonomy":"post_tag","embeddable":true,"href":"https:\/\/www.hotelpaseodegracia.es\/ca\/wp-json\/wp\/v2\/tags?post=7058"}],"curies":[{"name":"wp","href":"https:\/\/api.w.org\/{rel}","templated":true}]}}