{"id":6928,"date":"2019-09-09T11:29:17","date_gmt":"2019-09-09T11:29:17","guid":{"rendered":"http:\/\/www.hotelpaseodegracia.es\/?p=6928"},"modified":"2019-09-09T11:30:50","modified_gmt":"2019-09-09T11:30:50","slug":"congreso-aesd-barcelon-2019","status":"publish","type":"post","link":"https:\/\/www.hotelpaseodegracia.es\/ca\/congreso-aesd-barcelon-2019\/","title":{"rendered":"Congreso AESD Barcelona 2019"},"content":{"rendered":"<ul>\n<li><strong><em>Qu\u00e8?<\/em><\/strong> Congr\u00e9s anual de l&#8217;Associaci\u00f3 Europea per a l&#8217;Estudi de la Diabetis<\/li>\n<li><strong><em>Quan?<\/em><\/strong> del 16 al 20 de Setembre de 2019<\/li>\n<li><strong><em>On?<\/em> <\/strong>Fira Barcelona, Gran Via<\/li>\n<\/ul>\n<p>El congr\u00e9s EASD \u00e9s la trobada anual de l&#8217;Associaci\u00f3 Europea per a l&#8217;Estudi de la Diabetis. \u00c9s la tercera vegada que aquesta important reuni\u00f3 se celebra a Barcelona, \u200b\u200bi ser\u00e0 del 16 al 20 de setembre al recinte de la Gran Via de Fira de Barcelona.<\/p>\n<p>L\u2019EASD de Barcelona 2019 celebra la seva 55\u00aa edici\u00f3 i espera reunir uns 15.000 participants, vinguts de diferents pa\u00efsos de tot el m\u00f3n. \u00c9s una de les confer\u00e8ncies m\u00e9s importants de tot el m\u00f3n relacionada amb la diabetis.<\/p>\n<p style=\"text-align: center;\"><img loading=\"lazy\" class=\"alignnone size-full wp-image-6919 aligncenter\" src=\"http:\/\/www.hotelpaseodegracia.es\/wp-content\/uploads\/2019\/09\/easd-barcelona-2019-01.jpg\" alt=\"EASD Barcelona 2019\" width=\"650\" height=\"350\" srcset=\"https:\/\/www.hotelpaseodegracia.es\/wp-content\/uploads\/2019\/09\/easd-barcelona-2019-01.jpg 650w, https:\/\/www.hotelpaseodegracia.es\/wp-content\/uploads\/2019\/09\/easd-barcelona-2019-01-300x162.jpg 300w\" sizes=\"(max-width: 650px) 100vw, 650px\" \/><em>Fotograf\u00eda: Fira de Barcelona<\/em><\/p>\n<h2>Els millors experts en Diabetis es reuniran a Barcelona<\/h2>\n<p>Amb l\u2019objectiu d\u2019estimular la interacci\u00f3, el di\u00e0leg i el debat entre la comunitat mundial d\u2019experts en diabetis, el programa de la confer\u00e8ncia ser\u00e0 de nou sobre l\u2019aparador de la ci\u00e8ncia d\u2019alta qualitat, presentant els darrers resultats de la investigaci\u00f3 b\u00e0sica, transacional i cl\u00ednica de la diabetis. El programa cient\u00edfic no nom\u00e9s analitza el futur, sin\u00f3 que tamb\u00e9 tracta tractaments, tecnologies, educaci\u00f3 i assist\u00e8ncia actuals. En total, es realitzaran m\u00e9s de 1.200 presentacions, simposis, confer\u00e8ncies i debats.<\/p>\n<p>Per tercera vegada, Barcelona ser\u00e0 la ciutat amfitriona de la Reuni\u00f3 Anual de l&#8217;EASD des que la va acollir pr\u00e8viament el 1998 i el 2013.<\/p>\n<p>&nbsp;<\/p>\n<p style=\"text-align: center;\"><a target=\"_blank\" href=\"https:\/\/reservations.verticalbooking.com\/reservations\/index.html?lingua_int=cat&#038;id_stile=13265&#038;id_albergo=17502&#038;dc=4515\" class=\"ww-button sf-button medium black squarearrow  \"><span>Reserva ara el teu hotel a Barcelona!<\/span><span class=\"arrow\"><\/span><\/a><\/p>\n<p><em>Fonts: guiabarcelona.cat, easd.org<\/em><\/p>\n","protected":false},"excerpt":{"rendered":"<p>Qu\u00e8? Congr\u00e9s anual de l&#8217;Associaci\u00f3 Europea per a l&#8217;Estudi de la Diabetis Quan? del 16 al 20 de Setembre de 2019 On? Fira Barcelona, Gran Via El congr\u00e9s EASD \u00e9s la trobada anual de l&#8217;Associaci\u00f3 Europea per a l&#8217;Estudi de la Diabetis. \u00c9s la tercera vegada que aquesta important reuni\u00f3 se celebra a Barcelona, \u200b\u200bi [&hellip;]<\/p>\n","protected":false},"author":1,"featured_media":6926,"comment_status":"closed","ping_status":"closed","sticky":false,"template":"","format":"standard","meta":[],"categories":[23,16],"tags":[],"_links":{"self":[{"href":"https:\/\/www.hotelpaseodegracia.es\/ca\/wp-json\/wp\/v2\/posts\/6928"}],"collection":[{"href":"https:\/\/www.hotelpaseodegracia.es\/ca\/wp-json\/wp\/v2\/posts"}],"about":[{"href":"https:\/\/www.hotelpaseodegracia.es\/ca\/wp-json\/wp\/v2\/types\/post"}],"author":[{"embeddable":true,"href":"https:\/\/www.hotelpaseodegracia.es\/ca\/wp-json\/wp\/v2\/users\/1"}],"replies":[{"embeddable":true,"href":"https:\/\/www.hotelpaseodegracia.es\/ca\/wp-json\/wp\/v2\/comments?post=6928"}],"version-history":[{"count":2,"href":"https:\/\/www.hotelpaseodegracia.es\/ca\/wp-json\/wp\/v2\/posts\/6928\/revisions"}],"predecessor-version":[{"id":6931,"href":"https:\/\/www.hotelpaseodegracia.es\/ca\/wp-json\/wp\/v2\/posts\/6928\/revisions\/6931"}],"wp:featuredmedia":[{"embeddable":true,"href":"https:\/\/www.hotelpaseodegracia.es\/ca\/wp-json\/wp\/v2\/media\/6926"}],"wp:attachment":[{"href":"https:\/\/www.hotelpaseodegracia.es\/ca\/wp-json\/wp\/v2\/media?parent=6928"}],"wp:term":[{"taxonomy":"category","embeddable":true,"href":"https:\/\/www.hotelpaseodegracia.es\/ca\/wp-json\/wp\/v2\/categories?post=6928"},{"taxonomy":"post_tag","embeddable":true,"href":"https:\/\/www.hotelpaseodegracia.es\/ca\/wp-json\/wp\/v2\/tags?post=6928"}],"curies":[{"name":"wp","href":"https:\/\/api.w.org\/{rel}","templated":true}]}}