{"id":6888,"date":"2019-09-05T10:22:26","date_gmt":"2019-09-05T10:22:26","guid":{"rendered":"http:\/\/www.hotelpaseodegracia.es\/?p=6888"},"modified":"2019-09-05T10:24:05","modified_gmt":"2019-09-05T10:24:05","slug":"2019-diada-nacional-de-catalunya","status":"publish","type":"post","link":"https:\/\/www.hotelpaseodegracia.es\/ca\/2019-diada-nacional-de-catalunya\/","title":{"rendered":"Diada Nacional de Catalunya"},"content":{"rendered":"<ul>\n<li><strong><em>Qu\u00e8?<\/em><\/strong> Diada Nacional de Catalunya<\/li>\n<li><strong><em>Quan?<\/em><\/strong> 11 de Setembre de 2019<\/li>\n<li><strong><em>On?<\/em> <\/strong>Tot Catalunya i tamb\u00e9 Barcelona<\/li>\n<\/ul>\n<p><span class=\"tlid-translation translation\" lang=\"ca\">L&#8217;11 de setembre \u00e9s el dia en qu\u00e8 Catalunya celebra la seva Diada Nacional. La data commemora la resist\u00e8ncia de la ciutat de Barcelona durant la Guerra de Successi\u00f3, que va patir l&#8217;assetjament durant m\u00e9s d&#8217;un any per part de les tropes borb\u00f2niques. Finalment, Barcelona es va rendir davant les tropes de Felip V, l&#8217;11 de setembre de 1714, el que va significar l&#8217;abolici\u00f3 de les institucions Catalanes com el Parlament de Catalunya.<\/span><\/p>\n<p><span class=\"tlid-translation translation\" lang=\"ca\">La gran resist\u00e8ncia de la ciutat va impressionar Europa, i avui, amb la Diada Nacional, es commemora el valor i la for\u00e7a que van demostrar els combatents.<\/span><\/p>\n<p><span class=\"tlid-translation translation\" lang=\"ca\">\u00c9s un dia de festa que els catalans celebren fent Castells i ballant Sardanes, i visitant alguns dels monuments m\u00e9s simb\u00f2lics com l&#8217;est\u00e0tua en honor a Rafael Casanova, o el Fossar de les Moreres. Tamb\u00e9, des de ja fa uns anys, es convoca una gran manifestaci\u00f3, de car\u00e0cter familiar i festiu, per reivindicar la cultura i hist\u00f2ria catalanes.<\/span><\/p>\n<p>&nbsp;<\/p>\n<h2>Portes obertes per La Diada Nacional<\/h2>\n<p><span class=\"tlid-translation translation\" lang=\"ca\">El dia de la Diada Nacional de Catalunya, algunes institucions catalanes obren les seves portes per poder ser visitades de forma gratu\u00efta. S\u00f3n el cas del Parlament de Catalunya, ubicat al Parc de la Ciutadella, i de la Generalitat de Catalunya situada a la Pla\u00e7a Sant Jaume. Tamb\u00e9 es podr\u00e0 visitar de forma grauita al MNAC (Museu Nacional d&#8217;Art de Catalunya), al Museu d&#8217;Hist\u00f2ria de Catalunya, el Museu d&#8217;Arqueologia de Catalunya, el Born Centre de Cultura i Mem\u00f2ria i el Palau G\u00fcell. Aix\u00ed que la Diada Nacional de Catalunya \u00e9s una molt bona oportunitat per visitar aquests edificis de gran valor hist\u00f2ric, pol\u00edtic i arquitect\u00f2nic.<\/span><\/p>\n<p><span class=\"tlid-translation translation\" lang=\"ca\">Feli\u00e7 Diada a tots i totes!<\/span><\/p>\n<p>&nbsp;<\/p>\n<p style=\"text-align: center;\"><a target=\"_blank\" href=\"https:\/\/reservations.verticalbooking.com\/reservations\/index.html?lingua_int=cat&#038;id_stile=13265&#038;id_albergo=17502&#038;dc=4515\" class=\"ww-button sf-button medium black squarearrow  \"><span>Reserva ara el teu hotel a Barcelona!<\/span><span class=\"arrow\"><\/span><\/a><\/p>\n<p>&nbsp;<\/p>\n<p><span class=\"tlid-translation translation\" lang=\"ca\"><em>Nota<\/em>: La manifestaci\u00f3 d&#8217;aquest any se celebrar\u00e0 a la Gran Via, comen\u00e7ant des de Pla\u00e7a Espanya, per la qual cosa no afectar\u00e0 als voltants de l&#8217;hotel.<\/span><\/p>\n","protected":false},"excerpt":{"rendered":"<p>Qu\u00e8? Diada Nacional de Catalunya Quan? 11 de Setembre de 2019 On? Tot Catalunya i tamb\u00e9 Barcelona L&#8217;11 de setembre \u00e9s el dia en qu\u00e8 Catalunya celebra la seva Diada Nacional. La data commemora la resist\u00e8ncia de la ciutat de Barcelona durant la Guerra de Successi\u00f3, que va patir l&#8217;assetjament durant m\u00e9s d&#8217;un any per [&hellip;]<\/p>\n","protected":false},"author":1,"featured_media":6886,"comment_status":"closed","ping_status":"closed","sticky":false,"template":"","format":"standard","meta":[],"categories":[23,16],"tags":[],"_links":{"self":[{"href":"https:\/\/www.hotelpaseodegracia.es\/ca\/wp-json\/wp\/v2\/posts\/6888"}],"collection":[{"href":"https:\/\/www.hotelpaseodegracia.es\/ca\/wp-json\/wp\/v2\/posts"}],"about":[{"href":"https:\/\/www.hotelpaseodegracia.es\/ca\/wp-json\/wp\/v2\/types\/post"}],"author":[{"embeddable":true,"href":"https:\/\/www.hotelpaseodegracia.es\/ca\/wp-json\/wp\/v2\/users\/1"}],"replies":[{"embeddable":true,"href":"https:\/\/www.hotelpaseodegracia.es\/ca\/wp-json\/wp\/v2\/comments?post=6888"}],"version-history":[{"count":2,"href":"https:\/\/www.hotelpaseodegracia.es\/ca\/wp-json\/wp\/v2\/posts\/6888\/revisions"}],"predecessor-version":[{"id":6890,"href":"https:\/\/www.hotelpaseodegracia.es\/ca\/wp-json\/wp\/v2\/posts\/6888\/revisions\/6890"}],"wp:featuredmedia":[{"embeddable":true,"href":"https:\/\/www.hotelpaseodegracia.es\/ca\/wp-json\/wp\/v2\/media\/6886"}],"wp:attachment":[{"href":"https:\/\/www.hotelpaseodegracia.es\/ca\/wp-json\/wp\/v2\/media?parent=6888"}],"wp:term":[{"taxonomy":"category","embeddable":true,"href":"https:\/\/www.hotelpaseodegracia.es\/ca\/wp-json\/wp\/v2\/categories?post=6888"},{"taxonomy":"post_tag","embeddable":true,"href":"https:\/\/www.hotelpaseodegracia.es\/ca\/wp-json\/wp\/v2\/tags?post=6888"}],"curies":[{"name":"wp","href":"https:\/\/api.w.org\/{rel}","templated":true}]}}