{"id":6848,"date":"2019-06-04T11:31:07","date_gmt":"2019-06-04T11:31:07","guid":{"rendered":"http:\/\/www.hotelpaseodegracia.es\/?p=6848"},"modified":"2019-06-04T11:32:26","modified_gmt":"2019-06-04T11:32:26","slug":"festival-jardins-de-pedralbes","status":"publish","type":"post","link":"https:\/\/www.hotelpaseodegracia.es\/ca\/festival-jardins-de-pedralbes\/","title":{"rendered":"Festival Jardins de Pedralbes"},"content":{"rendered":"<ul>\n<li><strong><em>Qu\u00e8?<\/em><\/strong> Festival Jardins de Pedralbes<\/li>\n<li><strong><em>Quan?<\/em><\/strong> Del 5 de juny al 15 de juliol 2019<\/li>\n<li><strong><em>On?<\/em> <\/strong>Jardins de Pedralbes, Barcelona<\/li>\n<\/ul>\n<p>El Festival Jardins de Pedralbes celebra la seva 7a edici\u00f3 completament afermat dins el panorama de festivals d&#8217;estiu de Barcelona.<\/p>\n<p>Amb la idea inicial de crear un festival que un\u00eds m\u00fasica, natura, hist\u00f2ria i gastronomia en una ubicaci\u00f3 emblem\u00e0tica, el Festival Jardins de Pedralbes ha incorporat aquesta edici\u00f3 22 nous espectacles i se celebrar\u00e0 del 5 de juny al 15 de juliol.<\/p>\n<p>&nbsp;<\/p>\n<h2>Cartell d&#8217;artistes per al Festival Jardins de Pedralbes<\/h2>\n<p>L&#8217;exmodel i cantant francesa Carla Bruni ser\u00e0 l&#8217;encarregada d&#8217;inaugurar el Festival Jardins de Pedralbes el proper dia 5 de juny, i la seguiran personatges destacats del panorama internacional com Mariah Carey, que actuar\u00e0 el 10 de Juny, i Woody Allen, el director de cinema i polifac\u00e8tic artista que estar\u00e0 sobre de l&#8217;escenari el 18 de Juny.<\/p>\n<p>El cartell del Festival Jardins de Pedralbes inclou a Kraftwerk, Joan Daus\u00e0, Gary Clark Jr., Diego El Cigala, Los Planetas, Zahara Fuel Fandango, Rolando Villaz\u00f3n, Corinne Bailey Rae Jacob Banks, Izal, Gipsy Kings ft. Nicol\u00e1s Reyes and Tonino Baliardo, Giorgio Moroder, Ana Bel\u00e9n, Ramon Mirabet, Cristopher Cross, Joss Stone, The Chieftains amb Carlos N\u00fa\u00f1ez, Pedro Cap\u00f3 Blas Cant\u00f3, Il Divo, Gilberto Gil, Supertramp &#8216;s Roger Hodgson, Juanes, The Beach Boys, LP, la gala de Ballet \u00c9toiles de l&#8217;\u00f2pera de Par\u00eds, The Day of Family Music i Premiere &#8211; de Broadway a Hollywood.<\/p>\n<p><img loading=\"lazy\" class=\"size-full wp-image-6837 aligncenter\" src=\"http:\/\/www.hotelpaseodegracia.es\/wp-content\/uploads\/2019\/06\/festival-jardins-pedralbes-2019b.jpg\" alt=\"Festival Jardins de Pedralbes 2019\" width=\"650\" height=\"350\" srcset=\"https:\/\/www.hotelpaseodegracia.es\/wp-content\/uploads\/2019\/06\/festival-jardins-pedralbes-2019b.jpg 650w, https:\/\/www.hotelpaseodegracia.es\/wp-content\/uploads\/2019\/06\/festival-jardins-pedralbes-2019b-300x162.jpg 300w\" sizes=\"(max-width: 650px) 100vw, 650px\" \/><\/p>\n<h2>M\u00fasica per a totes les edats al Festival Jardins de Pedralbes<\/h2>\n<p>A m\u00e9s, com en edicions anteriors, al Festival Jardins de Pedralbes dedicar\u00e0 un dia als m\u00e9s petits perqu\u00e8 les fam\u00edlies puguin gaudir juntes de la m\u00fasica i de l&#8217;experi\u00e8ncia d&#8217;un festival, aprofitant la bellesa dels jardins de Pedralbes. El Dia de M\u00fasica en Fam\u00edlia ser\u00e0 el 16 de Juny a partir de les 16:00, amb concerts, activitats i tallers. L&#8217;entrada \u00e9s gratu\u00efta per als menors de 12 anys!<\/p>\n<p>Es pot trobar tota la informaci\u00f3 i m\u00e9s detalls sobre la programaci\u00f3 a la <a href=\"https:\/\/www.festivalpedralbes.com\/ca\/\" target=\"_blank\" rel=\"noopener\">p\u00e0gina web<\/a> del Festival Jardins de Pedralbes.<\/p>\n<p style=\"text-align: center;\"><a target=\"_blank\" href=\"https:\/\/reservations.verticalbooking.com\/reservations\/index.html?lingua_int=cat&#038;id_stile=13265&#038;id_albergo=17502&#038;dc=4515\" class=\"ww-button sf-button medium black squarearrow  \"><span>Reserva el teu hotel a Barcelona!<\/span><span class=\"arrow\"><\/span><\/a><\/p>\n","protected":false},"excerpt":{"rendered":"<p>Qu\u00e8? Festival Jardins de Pedralbes Quan? Del 5 de juny al 15 de juliol 2019 On? Jardins de Pedralbes, Barcelona El Festival Jardins de Pedralbes celebra la seva 7a edici\u00f3 completament afermat dins el panorama de festivals d&#8217;estiu de Barcelona. Amb la idea inicial de crear un festival que un\u00eds m\u00fasica, natura, hist\u00f2ria i gastronomia [&hellip;]<\/p>\n","protected":false},"author":1,"featured_media":6844,"comment_status":"closed","ping_status":"closed","sticky":false,"template":"","format":"standard","meta":[],"categories":[23,16,16],"tags":[],"_links":{"self":[{"href":"https:\/\/www.hotelpaseodegracia.es\/ca\/wp-json\/wp\/v2\/posts\/6848"}],"collection":[{"href":"https:\/\/www.hotelpaseodegracia.es\/ca\/wp-json\/wp\/v2\/posts"}],"about":[{"href":"https:\/\/www.hotelpaseodegracia.es\/ca\/wp-json\/wp\/v2\/types\/post"}],"author":[{"embeddable":true,"href":"https:\/\/www.hotelpaseodegracia.es\/ca\/wp-json\/wp\/v2\/users\/1"}],"replies":[{"embeddable":true,"href":"https:\/\/www.hotelpaseodegracia.es\/ca\/wp-json\/wp\/v2\/comments?post=6848"}],"version-history":[{"count":2,"href":"https:\/\/www.hotelpaseodegracia.es\/ca\/wp-json\/wp\/v2\/posts\/6848\/revisions"}],"predecessor-version":[{"id":6854,"href":"https:\/\/www.hotelpaseodegracia.es\/ca\/wp-json\/wp\/v2\/posts\/6848\/revisions\/6854"}],"wp:featuredmedia":[{"embeddable":true,"href":"https:\/\/www.hotelpaseodegracia.es\/ca\/wp-json\/wp\/v2\/media\/6844"}],"wp:attachment":[{"href":"https:\/\/www.hotelpaseodegracia.es\/ca\/wp-json\/wp\/v2\/media?parent=6848"}],"wp:term":[{"taxonomy":"category","embeddable":true,"href":"https:\/\/www.hotelpaseodegracia.es\/ca\/wp-json\/wp\/v2\/categories?post=6848"},{"taxonomy":"post_tag","embeddable":true,"href":"https:\/\/www.hotelpaseodegracia.es\/ca\/wp-json\/wp\/v2\/tags?post=6848"}],"curies":[{"name":"wp","href":"https:\/\/api.w.org\/{rel}","templated":true}]}}