{"id":6821,"date":"2019-05-09T09:55:06","date_gmt":"2019-05-09T09:55:06","guid":{"rendered":"http:\/\/www.hotelpaseodegracia.es\/?p=6821"},"modified":"2019-05-09T09:55:06","modified_gmt":"2019-05-09T09:55:06","slug":"gp-formula-1-de-barcelona","status":"publish","type":"post","link":"https:\/\/www.hotelpaseodegracia.es\/ca\/gp-formula-1-de-barcelona\/","title":{"rendered":"GP Formula 1 de Barcelona"},"content":{"rendered":"<ul>\n<li><strong><em>Qu\u00e8?<\/em><\/strong> Formula 1 Gran Premi d&#8217;Espanya<\/li>\n<li><strong><em>Quan?<\/em><\/strong> Del 10 al 12 de Maig de 2019<\/li>\n<li><strong><em>On?<\/em> <\/strong>Circuit de Barcelona-Catalunya en Montmel\u00f3<\/li>\n<\/ul>\n<p>&nbsp;<\/p>\n<h2><span class=\"tlid-translation translation\" lang=\"ca\">Arrenca el major espectacle del motor, el Formula 1.<\/span><\/h2>\n<p><span class=\"tlid-translation translation\" lang=\"ca\">El circuit de Montmel\u00f3 acollir\u00e0 la 29a edici\u00f3 del GP de Formula 1 amb tota l&#8217;emoci\u00f3 i passi\u00f3 que mou milers d&#8217;aficionats.<\/p>\n<p>Els millors pilots del m\u00f3n es citen a Barcelona per competir en la 5a prova del F\u00f2rmula 1, al campionat de motor amb m\u00e9s afici\u00f3 del m\u00f3n. Lewis Hamilton, Sebastian Vettel, Carlos Sainz, Kimi Raikkonen &#8230; tots ells lluitaran per aconseguir la pole durant els entrenaments, i el podi el dia de carrera.<\/p>\n<p>El GP de F1 de Barcelona-Montmel\u00f3, el &#8220;F\u00f3rmula 1 Emirates Gran Premi d&#8217;Espanya&#8221;, tindr\u00e0 lloc del 10 al 12 de Maig a aquest circuit a 20 minuts de Barcelona.<br \/>\n<\/span><\/p>\n<p>&nbsp;<\/p>\n<h2>Horari del Formula 1<\/h2>\n<p><span class=\"tlid-translation translation\" lang=\"ca\">El GP de Formula 1 de Barcelona donar\u00e0 el tret de sortida el dijous 9 de maig amb la sessi\u00f3 d&#8217;aut\u00f2grafs dels pilots, la visita al pit lane i l&#8217;exhibici\u00f3 de k\u00e0rting amb pilots de F1. Seguir\u00e0 el dissabte 10 de maig amb els entrenaments lliures i finalitzar\u00e0 el diumenge amb les curses del Formula 2, el Formula 3 i, per descomptat, la del Formula 1.<\/span><\/p>\n<p><img loading=\"lazy\" class=\"size-full wp-image-6808 aligncenter\" src=\"http:\/\/www.hotelpaseodegracia.es\/wp-content\/uploads\/2019\/05\/gp-formula-1-barcelona-2019-01.jpg\" alt=\"Formula 1 Barcelona\" width=\"650\" height=\"350\" srcset=\"https:\/\/www.hotelpaseodegracia.es\/wp-content\/uploads\/2019\/05\/gp-formula-1-barcelona-2019-01.jpg 650w, https:\/\/www.hotelpaseodegracia.es\/wp-content\/uploads\/2019\/05\/gp-formula-1-barcelona-2019-01-300x162.jpg 300w\" sizes=\"(max-width: 650px) 100vw, 650px\" \/><\/p>\n<h2><span class=\"tlid-translation translation\" lang=\"ca\">Activitats complement\u00e0ries al F\u00f2rmula 1<\/span><\/h2>\n<p><span class=\"tlid-translation translation\" lang=\"ca\">M\u00e9s enll\u00e0 de la cursa de F1, el Circuit ha preparat tota una festa que far\u00e0 gaudir tot el m\u00f3n. M\u00fasica, cultura i motor aniran de la m\u00e0 amb moltes activitats i experi\u00e8ncies que es duran a terme de forma ininterrompuda durant tot el cap de setmana. Entre aquestes activitats, destaquen una exposici\u00f3 de cotxes cl\u00e0ssics, animaci\u00f3 amb tabalers, castellers i gegants, una exhibici\u00f3 de k\u00e0rting &#8230;<\/span><\/p>\n<h2><\/h2>\n<h2>Homenatge a Ayrton Senna<\/h2>\n<p><span class=\"tlid-translation translation\" lang=\"ca\">Per\u00f2 l&#8217;acci\u00f3 m\u00e9s emotiva que ha preparat el Circuit de Catalunya \u00e9s l&#8217;homenatge a Ayrton Senna, el pilot de Formula 1 que va perdre la vida fa ara 25 anys durant una carrera.<\/span><\/p>\n<p>&nbsp;<\/p>\n<h2>Como arribar al Circuit de Barcelona-Catalunya a Montmel\u00f3 per al F1<\/h2>\n<p>El Circuit de Barcelona-Catalunya es troba ubicat a Montmel\u00f3, a uns 20minuts de Barcelona. Hi ha diverses formes d&#8217;accedir-hi, i per al GP de Formula 1 es posen a disposici\u00f3 m\u00e9s trens i autobusos, aix\u00ed com tamb\u00e9 s&#8217;habiliten grans zones d&#8217;aparcament. A la p\u00e0gina web del Circuit de Barcelona-Catalunya es pot trobar tota la informaci\u00f3 sobre <a href=\"https:\/\/www.circuitcat.com\/es\/como-llegar-a-montmelo\/\" target=\"_blank\" rel=\"noopener\">com arribar al &#8220;F\u00f3rmula 1 Emirates Gran Premi d&#8217;Espanya&#8221;<\/a> d&#8217;aquest any.<\/p>\n<p style=\"text-align: center;\"><a target=\"_blank\" href=\"https:\/\/reservations.verticalbooking.com\/reservations\/index.html?lingua_int=cat&#038;id_stile=13265&#038;id_albergo=17502&#038;dc=4515\" class=\"ww-button sf-button medium black squarearrow  \"><span>Reserva el teu hotel a Barcelona!<\/span><span class=\"arrow\"><\/span><\/a><\/p>\n<p>\u00a0 <em>Foto: Mundo Deportivo<\/em><\/p>\n","protected":false},"excerpt":{"rendered":"<p>Qu\u00e8? Formula 1 Gran Premi d&#8217;Espanya Quan? Del 10 al 12 de Maig de 2019 On? Circuit de Barcelona-Catalunya en Montmel\u00f3 &nbsp; Arrenca el major espectacle del motor, el Formula 1. El circuit de Montmel\u00f3 acollir\u00e0 la 29a edici\u00f3 del GP de Formula 1 amb tota l&#8217;emoci\u00f3 i passi\u00f3 que mou milers d&#8217;aficionats. Els millors [&hellip;]<\/p>\n","protected":false},"author":1,"featured_media":6815,"comment_status":"closed","ping_status":"closed","sticky":false,"template":"","format":"standard","meta":[],"categories":[23],"tags":[],"_links":{"self":[{"href":"https:\/\/www.hotelpaseodegracia.es\/ca\/wp-json\/wp\/v2\/posts\/6821"}],"collection":[{"href":"https:\/\/www.hotelpaseodegracia.es\/ca\/wp-json\/wp\/v2\/posts"}],"about":[{"href":"https:\/\/www.hotelpaseodegracia.es\/ca\/wp-json\/wp\/v2\/types\/post"}],"author":[{"embeddable":true,"href":"https:\/\/www.hotelpaseodegracia.es\/ca\/wp-json\/wp\/v2\/users\/1"}],"replies":[{"embeddable":true,"href":"https:\/\/www.hotelpaseodegracia.es\/ca\/wp-json\/wp\/v2\/comments?post=6821"}],"version-history":[{"count":1,"href":"https:\/\/www.hotelpaseodegracia.es\/ca\/wp-json\/wp\/v2\/posts\/6821\/revisions"}],"predecessor-version":[{"id":6822,"href":"https:\/\/www.hotelpaseodegracia.es\/ca\/wp-json\/wp\/v2\/posts\/6821\/revisions\/6822"}],"wp:featuredmedia":[{"embeddable":true,"href":"https:\/\/www.hotelpaseodegracia.es\/ca\/wp-json\/wp\/v2\/media\/6815"}],"wp:attachment":[{"href":"https:\/\/www.hotelpaseodegracia.es\/ca\/wp-json\/wp\/v2\/media?parent=6821"}],"wp:term":[{"taxonomy":"category","embeddable":true,"href":"https:\/\/www.hotelpaseodegracia.es\/ca\/wp-json\/wp\/v2\/categories?post=6821"},{"taxonomy":"post_tag","embeddable":true,"href":"https:\/\/www.hotelpaseodegracia.es\/ca\/wp-json\/wp\/v2\/tags?post=6821"}],"curies":[{"name":"wp","href":"https:\/\/api.w.org\/{rel}","templated":true}]}}