{"id":4703,"date":"2018-07-10T10:24:41","date_gmt":"2018-07-10T10:24:41","guid":{"rendered":"http:\/\/www.hotelpaseodegracia.es\/?p=4703"},"modified":"2018-07-10T10:24:41","modified_gmt":"2018-07-10T10:24:41","slug":"festival-cruilla-barcelona-2018","status":"publish","type":"post","link":"https:\/\/www.hotelpaseodegracia.es\/ca\/festival-cruilla-barcelona-2018\/","title":{"rendered":"Festival Cru\u00eflla Barcelona 2018"},"content":{"rendered":"<p>El parc del F\u00f2rum ser\u00e1 l\u2019escenari del<strong> Festival Cru\u00eflla de Barcelona<\/strong>, que tindr\u00e0 lloc del 12 al 14 de Juliol i arriba amb un cartell amb quasi 40 actuacions on hi caben tot tipus de tend\u00e8ncies i estils musicals.<\/p>\n<p>La ubicaci\u00f3, a l\u2019aire lliure i al costat del mar, \u00e9s nom\u00e9s un dels grans atractius d\u2019aquest festival que porta fins a Barcelona tant artistes nacionals com internacionals, i amb un caire sempre molt multicultural.<\/p>\n<p>David Byrne, Jack White, Prophets of Rage, Pharrell Williams, Justice, Kygo, LP, Ben Howard, Bomba Est\u00e9reo, La Pegatina, Els Catarres, Joan Daus\u00e0, Ramon Mirabet i Blaumut, entre altres, formen part de la programaci\u00f3 del <strong>Festival Cru\u00eflla 2018<\/strong>.<\/p>\n<p><img loading=\"lazy\" class=\"size-full wp-image-4700 aligncenter\" src=\"http:\/\/www.hotelpaseodegracia.es\/wp-content\/uploads\/2018\/07\/fetival-cruilla-2018-01.jpg\" alt=\"Festival Cru\u00eflla Barcelona 2018\" width=\"650\" height=\"350\" srcset=\"https:\/\/www.hotelpaseodegracia.es\/wp-content\/uploads\/2018\/07\/fetival-cruilla-2018-01.jpg 650w, https:\/\/www.hotelpaseodegracia.es\/wp-content\/uploads\/2018\/07\/fetival-cruilla-2018-01-300x162.jpg 300w\" sizes=\"(max-width: 650px) 100vw, 650px\" \/><\/p>\n<h2>El Cru\u00eflla Barcelona, \u200b\u200bm\u00e1s enll\u00e0 de la m\u00fasica.<\/h2>\n<p>Per\u00f2 el <strong>Cru\u00eflla<\/strong> ja fa temps que \u00e9s m\u00e9s que m\u00fasica. L\u2019element esc\u00e8nic l\u2019aportaran La Fura dels Baus amb l\u2019espectacle <em>Dreams<\/em> i l\u2019Aquelarre de Cervera que celebrar\u00e0 una festa popular amb foc i m\u00fasica. I el Cru\u00eflla d\u2019aquest any comptar\u00e0 tamb\u00e9 amb zones de moda, art, comer\u00e7 just, foodtrucks, tecnologia i benestar, sempre girant en un entorn de responsabilitat social i mediambiental.<\/p>\n<p style=\"text-align: center;\"><a target=\"_blank\" href=\"https:\/\/reservations.verticalbooking.com\/reservations\/index.html?lingua_int=cat&#038;id_stile=13265&#038;id_albergo=17502&#038;dc=4515\" class=\"ww-button sf-button medium black squarearrow  \"><span>Reserva ara!<\/span><span class=\"arrow\"><\/span><\/a><\/p>\n<p>\u00a0 <em>Fonts: timeout.cat, cruillabarcelona.com<\/em><\/p>\n","protected":false},"excerpt":{"rendered":"<p>El parc del F\u00f2rum ser\u00e1 l\u2019escenari del Festival Cru\u00eflla de Barcelona, que tindr\u00e0 lloc del 12 al 14 de Juliol i arriba amb un cartell amb quasi 40 actuacions on hi caben tot tipus de tend\u00e8ncies i estils musicals. La ubicaci\u00f3, a l\u2019aire lliure i al costat del mar, \u00e9s nom\u00e9s un dels grans atractius [&hellip;]<\/p>\n","protected":false},"author":1,"featured_media":0,"comment_status":"closed","ping_status":"closed","sticky":false,"template":"","format":"standard","meta":[],"categories":[23,16],"tags":[],"_links":{"self":[{"href":"https:\/\/www.hotelpaseodegracia.es\/ca\/wp-json\/wp\/v2\/posts\/4703"}],"collection":[{"href":"https:\/\/www.hotelpaseodegracia.es\/ca\/wp-json\/wp\/v2\/posts"}],"about":[{"href":"https:\/\/www.hotelpaseodegracia.es\/ca\/wp-json\/wp\/v2\/types\/post"}],"author":[{"embeddable":true,"href":"https:\/\/www.hotelpaseodegracia.es\/ca\/wp-json\/wp\/v2\/users\/1"}],"replies":[{"embeddable":true,"href":"https:\/\/www.hotelpaseodegracia.es\/ca\/wp-json\/wp\/v2\/comments?post=4703"}],"version-history":[{"count":1,"href":"https:\/\/www.hotelpaseodegracia.es\/ca\/wp-json\/wp\/v2\/posts\/4703\/revisions"}],"predecessor-version":[{"id":4704,"href":"https:\/\/www.hotelpaseodegracia.es\/ca\/wp-json\/wp\/v2\/posts\/4703\/revisions\/4704"}],"wp:attachment":[{"href":"https:\/\/www.hotelpaseodegracia.es\/ca\/wp-json\/wp\/v2\/media?parent=4703"}],"wp:term":[{"taxonomy":"category","embeddable":true,"href":"https:\/\/www.hotelpaseodegracia.es\/ca\/wp-json\/wp\/v2\/categories?post=4703"},{"taxonomy":"post_tag","embeddable":true,"href":"https:\/\/www.hotelpaseodegracia.es\/ca\/wp-json\/wp\/v2\/tags?post=4703"}],"curies":[{"name":"wp","href":"https:\/\/api.w.org\/{rel}","templated":true}]}}