{"id":4547,"date":"2017-11-07T13:34:39","date_gmt":"2017-11-07T13:34:39","guid":{"rendered":"http:\/\/www.hotelpaseodegracia.es\/?p=4547"},"modified":"2022-10-25T07:37:14","modified_gmt":"2022-10-25T07:37:14","slug":"concierto-de-shakira-en-barcelona","status":"publish","type":"post","link":"https:\/\/www.hotelpaseodegracia.es\/ca\/concierto-de-shakira-en-barcelona\/","title":{"rendered":"Concert de Shakira a Barcelona"},"content":{"rendered":"<p><strong>Qu\u00e8?<\/strong> Concert de Shakira<br \/>\n<strong>Quan?<\/strong> 25 i 26 de novembre de 2017<br \/>\n<strong>On?<\/strong> Palau Sant Jordi<\/p>\n<p>&nbsp;<\/p>\n<p>La cantant colombiana <strong>Shakira estar\u00e0 en concert a Barcelona<\/strong> el 25 i 26 de novembre amb la seva gira mundial El Dorado, per presentar l&#8217;\u00e0lbum que porta el mateix nom i que inclou \u00e8xits com &#8220;La Bicicleta&#8221;, &#8220;Chantaje&#8221; o &#8220;Me enamor\u00e9&#8221;.<\/p>\n<p>La gira mundial El Dorado comen\u00e7a el 8 de novembre a Col\u00f2nia (Alemanya) i visitar\u00e0 4 ciutats a Espanya. Barcelona ser\u00e0 la seva \u00faltima parada a l&#8217;estat, ja que \u00e9s la ciutat on resideix actualment la cantant i on ha format la seva fam\u00edlia, per la qual cosa t\u00e9 un simbolisme i un afecte especial.<\/p>\n<p>&nbsp;<\/p>\n<p>&nbsp;<\/p>\n<p>El<strong> concert de Shakira a Barcelona<\/strong> \u00e9s molt esperat pels seus fans, ja que la cantant ha fet una aturada de diversos anys en la seva carrera com a cantant per a ser mare. Shakira no actuava a Barcelona des de 2011 i les entrades per al concert, que se celebrar\u00e0 al Palau Sant Jordi, es van esgotar en poques hores. Per aquest motiu la cantant va decidir fer un segon concert a la ciutat comtal i es va afegir el 26 de novembre.<\/p>\n<p>Si veniu a <strong>Barcelona per veure el concert de Shakira<\/strong> i voleu allotjar-vos en un <a href=\"https:\/\/www.hotelpaseodegracia.es\/ca\/ubicacio\/\">hotel al centre de Barcelona<\/a>, podeu <a href=\"https:\/\/reservations.verticalbooking.com\/reservations\/index.html?lingua_int=cat&amp;id_stile=13265&amp;id_albergo=17502&amp;dc=4515\" target=\"_blank\" rel=\"noopener\">reservar aqu\u00ed<\/a>! Tamb\u00e9 podeu visitar el nostre <a href=\"http:\/\/www.hotelactual.com\/ca\/\" target=\"_blank\" rel=\"noopener\">hotel boutique de Barcelona<\/a> 3*.<\/p>\n<p style=\"text-align: center;\">\u00a0<a target=\"_blank\" href=\"https:\/\/reservations.verticalbooking.com\/reservations\/index.html?lingua_int=cat&#038;id_stile=13265&#038;id_albergo=17502&#038;dc=4515\" class=\"ww-button sf-button medium black squarearrow  \"><span>Reserva ara al nostre hotel!<\/span><span class=\"arrow\"><\/span><\/a><\/p>\n","protected":false},"excerpt":{"rendered":"<p>Qu\u00e8? Concert de Shakira Quan? 25 i 26 de novembre de 2017 On? Palau Sant Jordi &nbsp; La cantant colombiana Shakira estar\u00e0 en concert a Barcelona el 25 i 26 de novembre amb la seva gira mundial El Dorado, per presentar l&#8217;\u00e0lbum que porta el mateix nom i que inclou \u00e8xits com &#8220;La Bicicleta&#8221;, &#8220;Chantaje&#8221; [&hellip;]<\/p>\n","protected":false},"author":1,"featured_media":4549,"comment_status":"closed","ping_status":"closed","sticky":false,"template":"","format":"standard","meta":[],"categories":[23,37],"tags":[],"_links":{"self":[{"href":"https:\/\/www.hotelpaseodegracia.es\/ca\/wp-json\/wp\/v2\/posts\/4547"}],"collection":[{"href":"https:\/\/www.hotelpaseodegracia.es\/ca\/wp-json\/wp\/v2\/posts"}],"about":[{"href":"https:\/\/www.hotelpaseodegracia.es\/ca\/wp-json\/wp\/v2\/types\/post"}],"author":[{"embeddable":true,"href":"https:\/\/www.hotelpaseodegracia.es\/ca\/wp-json\/wp\/v2\/users\/1"}],"replies":[{"embeddable":true,"href":"https:\/\/www.hotelpaseodegracia.es\/ca\/wp-json\/wp\/v2\/comments?post=4547"}],"version-history":[{"count":5,"href":"https:\/\/www.hotelpaseodegracia.es\/ca\/wp-json\/wp\/v2\/posts\/4547\/revisions"}],"predecessor-version":[{"id":7641,"href":"https:\/\/www.hotelpaseodegracia.es\/ca\/wp-json\/wp\/v2\/posts\/4547\/revisions\/7641"}],"wp:featuredmedia":[{"embeddable":true,"href":"https:\/\/www.hotelpaseodegracia.es\/ca\/wp-json\/wp\/v2\/media\/4549"}],"wp:attachment":[{"href":"https:\/\/www.hotelpaseodegracia.es\/ca\/wp-json\/wp\/v2\/media?parent=4547"}],"wp:term":[{"taxonomy":"category","embeddable":true,"href":"https:\/\/www.hotelpaseodegracia.es\/ca\/wp-json\/wp\/v2\/categories?post=4547"},{"taxonomy":"post_tag","embeddable":true,"href":"https:\/\/www.hotelpaseodegracia.es\/ca\/wp-json\/wp\/v2\/tags?post=4547"}],"curies":[{"name":"wp","href":"https:\/\/api.w.org\/{rel}","templated":true}]}}