{"id":4149,"date":"2017-02-02T12:45:06","date_gmt":"2017-02-02T12:45:06","guid":{"rendered":"http:\/\/www.hotelpaseodegracia.es\/?p=4149"},"modified":"2017-09-27T13:57:09","modified_gmt":"2017-09-27T13:57:09","slug":"mwc-barcelona-2017","status":"publish","type":"post","link":"https:\/\/www.hotelpaseodegracia.es\/ca\/mwc-barcelona-2017\/","title":{"rendered":"MWC Barcelona 2017"},"content":{"rendered":"<p><strong>Qu\u00e8?<\/strong> Mobile World Congress Barcelona<br \/>\n<strong>Quan?<\/strong> Del 27 de Febrer al 2 de Mar\u00e7 2017<br \/>\n<strong>On?<\/strong> Fira de Barcelona &#8211; Gran Via<\/p>\n<p>&nbsp;<\/p>\n<p>La tecnologia m\u00f2bil m\u00e9s avan\u00e7ada torna a Barcelona amb el <strong>MWC Barcelona 2017<\/strong>, la fira de comunicaci\u00f3 m\u00f2bil m\u00e9s important del m\u00f3n, del 27 de febrer al 2 de mar\u00e7.<\/p>\n<p>El <strong>Mobile World Congress (MWC) de Barcelona<\/strong> congrega les marques m\u00e9s prestigioses del sector m\u00f2bil, que aprofiten aquest esdeveniment per fer llan\u00e7aments i presentar les \u00faltimes novetats. El <strong>MWC Barcelona<\/strong> est\u00e0 ja consagrat com la fira m\u00e9s important del sector, com demostren els n\u00fameros aconseguits en passades edicions. L&#8217;any passat, el <strong>MWC<\/strong> va aconseguir atreure a Barcelona m\u00e9s de 100.000 visitants, batent r\u00e8cords i superant totes les expectatives.<\/p>\n<p>&nbsp;<\/p>\n<p><img loading=\"lazy\" class=\"size-full wp-image-4138 aligncenter\" src=\"http:\/\/www.hotelpaseodegracia.es\/wp-content\/uploads\/2017\/02\/mwc-barcelona-2017-01.jpg\" alt=\"MWC Barcelona 2017 - Hotel Paseo de Gracia\" width=\"650\" height=\"350\" srcset=\"https:\/\/www.hotelpaseodegracia.es\/wp-content\/uploads\/2017\/02\/mwc-barcelona-2017-01.jpg 650w, https:\/\/www.hotelpaseodegracia.es\/wp-content\/uploads\/2017\/02\/mwc-barcelona-2017-01-300x162.jpg 300w\" sizes=\"(max-width: 650px) 100vw, 650px\" \/><\/p>\n<p>&nbsp;<\/p>\n<h2>Molt m\u00e9s al MWC Barcelona 2017<\/h2>\n<p>A m\u00e9s de l&#8217;exhibici\u00f3, els assistents al <strong>MWC 2017<\/strong> poden trobar m\u00e9s oportunitats, en funci\u00f3 de l\u2019entrada que hagin obtingut, com confer\u00e8ncies amb importants keynote speakers, activitats de networking i esdeveniments paral\u00b7lels com el Partner&#8217;s Program, el 4YFN per a start-ups, el Yomo , el Women4Tech, el MMIX o el Global Mobile Awards.<\/p>\n<p>El <strong>MWC 2017<\/strong> se celebrar\u00e0 l&#8217;\u00faltima setmana de febrer al recinte firal de Gran Via, de Fira de Barcelona. Si sou congressistes podeu trobar tota la informaci\u00f3 per preparar b\u00e9 la vostra estada a la <a href=\"https:\/\/www.mobileworldcongress.com\/\" target=\"_blank\">p\u00e0gina web oficial del GSMA<\/a>.<\/p>\n<p style=\"text-align: center;\"><a target=\"_blank\" href=\"https:\/\/reservations.verticalbooking.com\/reservations\/index.html?lingua_int=cat&#038;id_stile=13265&#038;id_albergo=17502&#038;dc=4515\" class=\"ww-button sf-button medium black squarearrow  \"><span>Reserva el teu hotel de Barcelona!<\/span><span class=\"arrow\"><\/span><\/a><\/p>\n<p>&nbsp;<\/p>\n","protected":false},"excerpt":{"rendered":"<p>Qu\u00e8? Mobile World Congress Barcelona Quan? Del 27 de Febrer al 2 de Mar\u00e7 2017 On? Fira de Barcelona &#8211; Gran Via &nbsp; La tecnologia m\u00f2bil m\u00e9s avan\u00e7ada torna a Barcelona amb el MWC Barcelona 2017, la fira de comunicaci\u00f3 m\u00f2bil m\u00e9s important del m\u00f3n, del 27 de febrer al 2 de mar\u00e7. El Mobile [&hellip;]<\/p>\n","protected":false},"author":1,"featured_media":4150,"comment_status":"closed","ping_status":"closed","sticky":false,"template":"","format":"standard","meta":[],"categories":[23],"tags":[],"_links":{"self":[{"href":"https:\/\/www.hotelpaseodegracia.es\/ca\/wp-json\/wp\/v2\/posts\/4149"}],"collection":[{"href":"https:\/\/www.hotelpaseodegracia.es\/ca\/wp-json\/wp\/v2\/posts"}],"about":[{"href":"https:\/\/www.hotelpaseodegracia.es\/ca\/wp-json\/wp\/v2\/types\/post"}],"author":[{"embeddable":true,"href":"https:\/\/www.hotelpaseodegracia.es\/ca\/wp-json\/wp\/v2\/users\/1"}],"replies":[{"embeddable":true,"href":"https:\/\/www.hotelpaseodegracia.es\/ca\/wp-json\/wp\/v2\/comments?post=4149"}],"version-history":[{"count":2,"href":"https:\/\/www.hotelpaseodegracia.es\/ca\/wp-json\/wp\/v2\/posts\/4149\/revisions"}],"predecessor-version":[{"id":4512,"href":"https:\/\/www.hotelpaseodegracia.es\/ca\/wp-json\/wp\/v2\/posts\/4149\/revisions\/4512"}],"wp:featuredmedia":[{"embeddable":true,"href":"https:\/\/www.hotelpaseodegracia.es\/ca\/wp-json\/wp\/v2\/media\/4150"}],"wp:attachment":[{"href":"https:\/\/www.hotelpaseodegracia.es\/ca\/wp-json\/wp\/v2\/media?parent=4149"}],"wp:term":[{"taxonomy":"category","embeddable":true,"href":"https:\/\/www.hotelpaseodegracia.es\/ca\/wp-json\/wp\/v2\/categories?post=4149"},{"taxonomy":"post_tag","embeddable":true,"href":"https:\/\/www.hotelpaseodegracia.es\/ca\/wp-json\/wp\/v2\/tags?post=4149"}],"curies":[{"name":"wp","href":"https:\/\/api.w.org\/{rel}","templated":true}]}}