{"id":3945,"date":"2017-01-17T12:35:42","date_gmt":"2017-01-17T12:35:42","guid":{"rendered":"http:\/\/www.hotelpaseodegracia.es\/?p=3945"},"modified":"2017-09-27T13:57:40","modified_gmt":"2017-09-27T13:57:40","slug":"expohogar-primavera-2017","status":"publish","type":"post","link":"https:\/\/www.hotelpaseodegracia.es\/ca\/expohogar-primavera-2017\/","title":{"rendered":"Expohogar Primavera 2017"},"content":{"rendered":"<p><span id=\"result_box\" class=\"\" lang=\"ca\"><span title=\"Expohogar presentar\u00e1 su edici\u00f3n Primavera 2017 del 21 al 24 de Enero en Fira de Barcelona. \"><strong>Expohogar<\/strong> presentar\u00e0 la seva edici\u00f3 Primavera 2017 del 21 al 24 de gener a Fira de Barcelona.<\/span><\/span><\/p>\n<p><span id=\"result_box\" class=\"\" lang=\"ca\"><span title=\"Expohogar Primavera 2017 Barcelona, el Sal\u00f3n Internacional del Regalo y Art\u00edculos para el Hogar Profesional, vuelve a Fira de Barcelona para mostrar las \u00faltimas novedades en el sector del regalo;\"><strong>Expohogar Primavera 2017 Barcelona<\/strong>, el Sal\u00f3 Internacional del Regal i Articles per a la Llar Professional, torna a Fira de <strong>Barcelona<\/strong> per mostrar les \u00faltimes novetats en el sector del regal; <\/span><span title=\"interiorismo y decoraci\u00f3n;\">interiorisme i decoraci\u00f3; <\/span><span title=\"artesan\u00eda;\">artesania; <\/span><span title=\"papeler\u00eda;\">papereria; <\/span><span title=\"bisuter\u00eda y complementos de moda;\">bijuteria i complements de moda; <\/span><span title=\"textil y hogar;\">t\u00e8xtil i llar; <\/span><span title=\"marroquiner\u00eda y viaje;\">marroquineria i viatge; <\/span><span title=\"mesa y cocina;\">taula i cuina; <\/span><span title=\"decoraci\u00f3n floral, terraza y jard\u00edn;\">decoraci\u00f3 floral, terrassa i jard\u00ed; <\/span><span title=\"iluminaci\u00f3n;\">il\u00b7luminaci\u00f3; <\/span><span title=\"cuidado personal;\">cura personal; <\/span><span title=\"juguetes y art\u00edculos de puericultura y souvenir. \">joguines i articles de puericultura i souvenir.<\/span><\/span><\/p>\n<p><img loading=\"lazy\" class=\"size-full wp-image-3940 aligncenter\" src=\"http:\/\/www.hotelpaseodegracia.es\/wp-content\/uploads\/2017\/01\/expohogar-primavera-2017-hotel-barcelona01.jpg\" alt=\"Expohogar Primaver 2017 - hotel en barcelona\" width=\"650\" height=\"350\" srcset=\"https:\/\/www.hotelpaseodegracia.es\/wp-content\/uploads\/2017\/01\/expohogar-primavera-2017-hotel-barcelona01.jpg 650w, https:\/\/www.hotelpaseodegracia.es\/wp-content\/uploads\/2017\/01\/expohogar-primavera-2017-hotel-barcelona01-300x162.jpg 300w\" sizes=\"(max-width: 650px) 100vw, 650px\" \/><\/p>\n<h2><span id=\"result_box\" class=\"\" lang=\"ca\"><span title=\"juguetes y art\u00edculos de puericultura y souvenir. \"><br \/>\n<\/span><span title=\"Expohogar Primavera contar\u00e1 con actividades formativas \">Expohogar Primavera comptar\u00e0 amb activitats formatives<\/span><\/span><\/h2>\n<p><span id=\"result_box\" class=\"\" lang=\"ca\"><span title=\"La 57\u00aa edici\u00f3n de Expohogar contar\u00e1 con la participaci\u00f3n de unos 140 expositores que avanzar\u00e1n las nuevas tendencias y novedades para la temporada primavera verano 2017, adem\u00e1s de contar con un completo programa de actividades con conferencias, demostraciones y talleres para complementar la oferta de la feria con\">La 57a edici\u00f3 d&#8217;<strong>Expohogar<\/strong> comptar\u00e0 amb la participaci\u00f3 d&#8217;uns 140 expositors que avan\u00e7aran les noves tend\u00e8ncies i novetats per a la temporada primavera estiu 2017, a m\u00e9s de comptar amb un complet programa d&#8217;activitats amb confer\u00e8ncies, demostracions i tallers per a complementar l&#8217;oferta de la fira amb <\/span><span title=\"oportunidades de formaci\u00f3n y espacios de inspiraci\u00f3n. \">oportunitats de formaci\u00f3 i espais d&#8217;inspiraci\u00f3.<\/span><\/span><\/p>\n<p><span id=\"result_box\" class=\"\" lang=\"ca\"><span title=\"Toda la informaci\u00f3n se puede encontrar en la p\u00e1gina oficial del evento. \">Tota la informaci\u00f3 es pot trobar a la <a href=\"http:\/\/www.expohogar.com\/ca\/home\" target=\"_blank\">p\u00e0gina oficial<\/a> de l&#8217;esdeveniment.<br \/>\n<\/span><br \/>\n<\/span><\/p>\n<p style=\"text-align: center;\"><a target=\"_blank\" href=\"https:\/\/reservations.verticalbooking.com\/reservations\/index.html?lingua_int=cat&#038;id_stile=13265&#038;id_albergo=17502&#038;dc=4515\" class=\"ww-button sf-button medium black squarearrow  \"><span>Reserva ara el teu hotel a Barcelona!<\/span><span class=\"arrow\"><\/span><\/a><\/p>\n","protected":false},"excerpt":{"rendered":"<p>Expohogar presentar\u00e0 la seva edici\u00f3 Primavera 2017 del 21 al 24 de gener a Fira de Barcelona. Expohogar Primavera 2017 Barcelona, el Sal\u00f3 Internacional del Regal i Articles per a la Llar Professional, torna a Fira de Barcelona per mostrar les \u00faltimes novetats en el sector del regal; interiorisme i decoraci\u00f3; artesania; papereria; bijuteria i [&hellip;]<\/p>\n","protected":false},"author":1,"featured_media":3946,"comment_status":"closed","ping_status":"closed","sticky":false,"template":"","format":"standard","meta":[],"categories":[23],"tags":[],"_links":{"self":[{"href":"https:\/\/www.hotelpaseodegracia.es\/ca\/wp-json\/wp\/v2\/posts\/3945"}],"collection":[{"href":"https:\/\/www.hotelpaseodegracia.es\/ca\/wp-json\/wp\/v2\/posts"}],"about":[{"href":"https:\/\/www.hotelpaseodegracia.es\/ca\/wp-json\/wp\/v2\/types\/post"}],"author":[{"embeddable":true,"href":"https:\/\/www.hotelpaseodegracia.es\/ca\/wp-json\/wp\/v2\/users\/1"}],"replies":[{"embeddable":true,"href":"https:\/\/www.hotelpaseodegracia.es\/ca\/wp-json\/wp\/v2\/comments?post=3945"}],"version-history":[{"count":4,"href":"https:\/\/www.hotelpaseodegracia.es\/ca\/wp-json\/wp\/v2\/posts\/3945\/revisions"}],"predecessor-version":[{"id":4515,"href":"https:\/\/www.hotelpaseodegracia.es\/ca\/wp-json\/wp\/v2\/posts\/3945\/revisions\/4515"}],"wp:featuredmedia":[{"embeddable":true,"href":"https:\/\/www.hotelpaseodegracia.es\/ca\/wp-json\/wp\/v2\/media\/3946"}],"wp:attachment":[{"href":"https:\/\/www.hotelpaseodegracia.es\/ca\/wp-json\/wp\/v2\/media?parent=3945"}],"wp:term":[{"taxonomy":"category","embeddable":true,"href":"https:\/\/www.hotelpaseodegracia.es\/ca\/wp-json\/wp\/v2\/categories?post=3945"},{"taxonomy":"post_tag","embeddable":true,"href":"https:\/\/www.hotelpaseodegracia.es\/ca\/wp-json\/wp\/v2\/tags?post=3945"}],"curies":[{"name":"wp","href":"https:\/\/api.w.org\/{rel}","templated":true}]}}