{"id":3931,"date":"2017-01-09T13:53:28","date_gmt":"2017-01-09T13:53:28","guid":{"rendered":"http:\/\/www.hotelpaseodegracia.es\/?p=3931"},"modified":"2017-09-27T13:57:43","modified_gmt":"2017-09-27T13:57:43","slug":"tradicionarius","status":"publish","type":"post","link":"https:\/\/www.hotelpaseodegracia.es\/ca\/tradicionarius\/","title":{"rendered":"Tradicion\u00e0rius"},"content":{"rendered":"<p>El <strong>Festival Folk Internacional Tradicion\u00e0rius<\/strong> \u00e9s un festival de m\u00fasica d&#8217;arrels tradicionals dels pa\u00efsos amb llengua catalana, que durant diverses setmanes programa concerts, danses i activitats al centre C.A.T. de Gr\u00e0cia.<\/p>\n<p>El <strong>Tradicion\u00e0rius<\/strong> celebra aquest any la seva 30a edici\u00f3 i per al seu acte inaugural ha preparat un concert en qu\u00e8 participaran tots els grups que van intervenir en la primera edici\u00f3 del festival, el 1988, i amb l&#8217;estrena del &#8220;Roman\u00e7o Tradifolk&#8221;, a c\u00e0rrec de Jaume Arnella, qui ser\u00e0 el mestre de cerim\u00f2nies. \u00c9s la forma que el festival <strong>Tradicion\u00e0rius<\/strong> ha tingut de recon\u00e8ixer la tasca de tots aquests artistes que es van llan\u00e7ar a aquesta aventura col\u00b7lectiva i que a dia d&#8217;avui segueixen tots en actiu.<\/p>\n<div id=\"attachment_3926\" style=\"width: 660px\" class=\"wp-caption aligncenter\"><img aria-describedby=\"caption-attachment-3926\" loading=\"lazy\" class=\"wp-image-3926 size-full\" src=\"http:\/\/www.hotelpaseodegracia.es\/wp-content\/uploads\/2017\/01\/Festival-Folk-Tradicionarius-2017-02.jpg\" alt=\"Festival Folk Internacional Tradicion\u00e0rius Barcelona\" width=\"650\" height=\"350\" srcset=\"https:\/\/www.hotelpaseodegracia.es\/wp-content\/uploads\/2017\/01\/Festival-Folk-Tradicionarius-2017-02.jpg 650w, https:\/\/www.hotelpaseodegracia.es\/wp-content\/uploads\/2017\/01\/Festival-Folk-Tradicionarius-2017-02-300x162.jpg 300w\" sizes=\"(max-width: 650px) 100vw, 650px\" \/><p id=\"caption-attachment-3926\" class=\"wp-caption-text\">Tradicion\u00e0rius 2016<\/p><\/div>\n<p>El festival folk <strong>Tradicion\u00e0rius<\/strong> se celebrar\u00e0 del 13 de gener al 26 de febrer i comptar\u00e0 amb els concerts de Riu360\u00ba, Brigada Bravo &amp; D\u00edaz, Sis Veus per al Poeta, Joana Gomila i Guillem Roma. \u00c9s una bona oportunitat per venir a Barcelona i con\u00e8ixer la ciutat alhora que es descobreix m\u00e9s sobre les arrels catalanes. Podeu allotjar-vos en el nostre <a href=\"https:\/\/www.hotelpaseodegracia.es\/ca\/ubicacio\/\">hotel situat al centre de Barcelona<\/a>, a tocar del barri de Gr\u00e0cia.<\/p>\n<p>Tota la programaci\u00f3 es pot trobar a <a href=\"http:\/\/www.tradiconarius.cat\" target=\"_blank\">tradiconarius.cat<\/a><\/p>\n<p style=\"text-align: center;\"><a target=\"_blank\" href=\"https:\/\/reservations.verticalbooking.com\/reservations\/index.html?lingua_int=cat&#038;id_stile=13265&#038;id_albergo=17502&#038;dc=4515\" class=\"ww-button sf-button medium black squarearrow  \"><span>Reserva ara el teu hotel de Barcelona<\/span><span class=\"arrow\"><\/span><\/a><\/p>\n","protected":false},"excerpt":{"rendered":"<p>El Festival Folk Internacional Tradicion\u00e0rius \u00e9s un festival de m\u00fasica d&#8217;arrels tradicionals dels pa\u00efsos amb llengua catalana, que durant diverses setmanes programa concerts, danses i activitats al centre C.A.T. de Gr\u00e0cia. El Tradicion\u00e0rius celebra aquest any la seva 30a edici\u00f3 i per al seu acte inaugural ha preparat un concert en qu\u00e8 participaran tots els [&hellip;]<\/p>\n","protected":false},"author":1,"featured_media":3933,"comment_status":"closed","ping_status":"closed","sticky":false,"template":"","format":"standard","meta":[],"categories":[23],"tags":[],"_links":{"self":[{"href":"https:\/\/www.hotelpaseodegracia.es\/ca\/wp-json\/wp\/v2\/posts\/3931"}],"collection":[{"href":"https:\/\/www.hotelpaseodegracia.es\/ca\/wp-json\/wp\/v2\/posts"}],"about":[{"href":"https:\/\/www.hotelpaseodegracia.es\/ca\/wp-json\/wp\/v2\/types\/post"}],"author":[{"embeddable":true,"href":"https:\/\/www.hotelpaseodegracia.es\/ca\/wp-json\/wp\/v2\/users\/1"}],"replies":[{"embeddable":true,"href":"https:\/\/www.hotelpaseodegracia.es\/ca\/wp-json\/wp\/v2\/comments?post=3931"}],"version-history":[{"count":2,"href":"https:\/\/www.hotelpaseodegracia.es\/ca\/wp-json\/wp\/v2\/posts\/3931\/revisions"}],"predecessor-version":[{"id":4516,"href":"https:\/\/www.hotelpaseodegracia.es\/ca\/wp-json\/wp\/v2\/posts\/3931\/revisions\/4516"}],"wp:featuredmedia":[{"embeddable":true,"href":"https:\/\/www.hotelpaseodegracia.es\/ca\/wp-json\/wp\/v2\/media\/3933"}],"wp:attachment":[{"href":"https:\/\/www.hotelpaseodegracia.es\/ca\/wp-json\/wp\/v2\/media?parent=3931"}],"wp:term":[{"taxonomy":"category","embeddable":true,"href":"https:\/\/www.hotelpaseodegracia.es\/ca\/wp-json\/wp\/v2\/categories?post=3931"},{"taxonomy":"post_tag","embeddable":true,"href":"https:\/\/www.hotelpaseodegracia.es\/ca\/wp-json\/wp\/v2\/tags?post=3931"}],"curies":[{"name":"wp","href":"https:\/\/api.w.org\/{rel}","templated":true}]}}