{"id":3814,"date":"2016-11-03T13:15:17","date_gmt":"2016-11-03T13:15:17","guid":{"rendered":"http:\/\/www.hotelpaseodegracia.es\/?p=3814"},"modified":"2016-11-03T13:15:17","modified_gmt":"2016-11-03T13:15:17","slug":"miboda-2016-el-salo-dels-casaments","status":"publish","type":"post","link":"https:\/\/www.hotelpaseodegracia.es\/ca\/miboda-2016-el-salo-dels-casaments\/","title":{"rendered":"miBoda 2016, el sal\u00f3 dels casaments"},"content":{"rendered":"<p><strong>Qu\u00e8: Sal\u00f3 miBoda<\/strong><br \/>\n<strong>Quan: 12 i 13 de novembre 2016<\/strong><br \/>\n<strong>On: Fira de Barcelona<\/strong><\/p>\n<p>Si has decidit casar-te i est\u00e0s iniciant els preparatius, la fira <strong>MiBoda<\/strong> \u00e9s el que necessites. Aquesta fira dedicada exclusivament als casaments es celebrar\u00e0 a <strong>Barcelona<\/strong> el 12 i 13 de novembre i hi seran presents tots els prove\u00efdors que puguis necessitar per al teu casament: vestits, fot\u00f2grafs, espais, c\u00e0terings, aix\u00ed com tipus de serveis.<\/p>\n<h2>Tot el que no et pots ni imaginar, al sal\u00f3 MiBoda<\/h2>\n<p>A m\u00e9s, aquest any <strong>MiBoda<\/strong> ha renovat el concepte del sal\u00f3 per incorporar noves activitats i oferta. S&#8217;hi podran trobar els m\u00e9s variats professionals del sector amb les seves ofertes exclusives i originals i es podr\u00e0 gaudir d&#8217;una trentena d&#8217;activitats com Workshops, desfilades i confer\u00e8ncies.<\/p>\n<p><img loading=\"lazy\" class=\"size-full wp-image-3808 aligncenter\" src=\"http:\/\/www.hotelpaseodegracia.es\/wp-content\/uploads\/2016\/11\/salon-miboda-barcelona-2016-01.jpg\" alt=\"Sal\u00f3n miBoda Barcelona 2016\" width=\"650\" height=\"350\" srcset=\"https:\/\/www.hotelpaseodegracia.es\/wp-content\/uploads\/2016\/11\/salon-miboda-barcelona-2016-01.jpg 650w, https:\/\/www.hotelpaseodegracia.es\/wp-content\/uploads\/2016\/11\/salon-miboda-barcelona-2016-01-300x162.jpg 300w\" sizes=\"(max-width: 650px) 100vw, 650px\" \/><\/p>\n<p><strong>MiBoda<\/strong> se celebra des de fa m\u00e9s de 20 anys i s&#8217;ha consolidat com el punt de trobada m\u00e9s important del sector. Aquest any se celebrar\u00e0 del 12 al 13 de novembre al Pavell\u00f3 Itali\u00e0 de Fira de <strong>Barcelona<\/strong>.<\/p>\n<p>Tota la informaci\u00f3 a la seva <a href=\"http:\/\/www.mibodabcn.com\/\" target=\"_blank\">p\u00e0gina web<\/a>.<\/p>\n<p>&nbsp;<\/p>\n<p>&nbsp;<\/p>\n","protected":false},"excerpt":{"rendered":"<p>Qu\u00e8: Sal\u00f3 miBoda Quan: 12 i 13 de novembre 2016 On: Fira de Barcelona Si has decidit casar-te i est\u00e0s iniciant els preparatius, la fira MiBoda \u00e9s el que necessites. Aquesta fira dedicada exclusivament als casaments es celebrar\u00e0 a Barcelona el 12 i 13 de novembre i hi seran presents tots els prove\u00efdors que puguis [&hellip;]<\/p>\n","protected":false},"author":1,"featured_media":3815,"comment_status":"closed","ping_status":"closed","sticky":false,"template":"","format":"standard","meta":[],"categories":[23,16],"tags":[],"_links":{"self":[{"href":"https:\/\/www.hotelpaseodegracia.es\/ca\/wp-json\/wp\/v2\/posts\/3814"}],"collection":[{"href":"https:\/\/www.hotelpaseodegracia.es\/ca\/wp-json\/wp\/v2\/posts"}],"about":[{"href":"https:\/\/www.hotelpaseodegracia.es\/ca\/wp-json\/wp\/v2\/types\/post"}],"author":[{"embeddable":true,"href":"https:\/\/www.hotelpaseodegracia.es\/ca\/wp-json\/wp\/v2\/users\/1"}],"replies":[{"embeddable":true,"href":"https:\/\/www.hotelpaseodegracia.es\/ca\/wp-json\/wp\/v2\/comments?post=3814"}],"version-history":[{"count":1,"href":"https:\/\/www.hotelpaseodegracia.es\/ca\/wp-json\/wp\/v2\/posts\/3814\/revisions"}],"predecessor-version":[{"id":3816,"href":"https:\/\/www.hotelpaseodegracia.es\/ca\/wp-json\/wp\/v2\/posts\/3814\/revisions\/3816"}],"wp:featuredmedia":[{"embeddable":true,"href":"https:\/\/www.hotelpaseodegracia.es\/ca\/wp-json\/wp\/v2\/media\/3815"}],"wp:attachment":[{"href":"https:\/\/www.hotelpaseodegracia.es\/ca\/wp-json\/wp\/v2\/media?parent=3814"}],"wp:term":[{"taxonomy":"category","embeddable":true,"href":"https:\/\/www.hotelpaseodegracia.es\/ca\/wp-json\/wp\/v2\/categories?post=3814"},{"taxonomy":"post_tag","embeddable":true,"href":"https:\/\/www.hotelpaseodegracia.es\/ca\/wp-json\/wp\/v2\/tags?post=3814"}],"curies":[{"name":"wp","href":"https:\/\/api.w.org\/{rel}","templated":true}]}}