{"id":3759,"date":"2016-09-29T10:27:04","date_gmt":"2016-09-29T10:27:04","guid":{"rendered":"http:\/\/www.hotelpaseodegracia.es\/?p=3759"},"modified":"2016-09-29T10:27:04","modified_gmt":"2016-09-29T10:27:04","slug":"el-congres-cphi-worldwide-2016-a-barcelona","status":"publish","type":"post","link":"https:\/\/www.hotelpaseodegracia.es\/ca\/el-congres-cphi-worldwide-2016-a-barcelona\/","title":{"rendered":"El congr\u00e8s CPhI Worldwide 2016 a Barcelona"},"content":{"rendered":"<p><span id=\"result_box\" class=\"\" lang=\"ca\">Fira de Barcelona acollir\u00e0 la fira l\u00edder mundial del sector farmac\u00e8utic, CPhI Worldwide, del 4 al 6 d&#8217;octubre del 2016.<\/span><\/p>\n<h2>El congr\u00e8s m\u00e9s important de la ind\u00fastria farmac\u00e8utica, CPhI Worldwide, arriba a Barcelona<\/h2>\n<p><span id=\"result_box\" class=\"\" lang=\"ca\">La propera edici\u00f3 de CPhI Worldwide<span class=\"\">, la fira<\/span> m\u00e9s important del m\u00f3n <span class=\"\">de la ind\u00fastria<\/span> farmac\u00e8utica, tindr\u00e0 lloc <span class=\"\">a Fira de Barcelona<\/span>, del 4 al 6 d&#8217;octubre de 2016. CPhI se celebra de forma anual <span class=\"\">en diferents<\/span> ciutats de tot el m\u00f3n, i ha escollit Barcelona per a la seva pr\u00f2xima edici\u00f3 <span class=\"\">a l&#8217;octubre.<\/span><\/span><\/p>\n<h2><img loading=\"lazy\" class=\"aligncenter wp-image-3750 size-full\" src=\"http:\/\/www.hotelpaseodegracia.es\/wp-content\/uploads\/2016\/09\/CPhI-Worldwide-Barcelona-2016-01.jpg\" alt=\"CPhI Worldwide Barcelona 2016\" width=\"400\" height=\"267\" srcset=\"https:\/\/www.hotelpaseodegracia.es\/wp-content\/uploads\/2016\/09\/CPhI-Worldwide-Barcelona-2016-01.jpg 400w, https:\/\/www.hotelpaseodegracia.es\/wp-content\/uploads\/2016\/09\/CPhI-Worldwide-Barcelona-2016-01-300x200.jpg 300w\" sizes=\"(max-width: 400px) 100vw, 400px\" \/><\/h2>\n<h3><span id=\"result_box\" class=\"\" lang=\"ca\">CPhI Worldwide <span class=\"\">a Fira de Barcelona<\/span><\/span><\/h3>\n<p><span id=\"result_box\" class=\"\" lang=\"ca\">En CPhI Worldwide <span class=\"\">es presentaran<\/span> les \u00faltimes novetats en ingredients, productes qu\u00edmics, equips, maquin\u00e0ria<span class=\"\">, tecnologia<\/span> i solucions per a la manipulaci\u00f3 i embalatge de medicaments, i ser\u00e0 el punt <span class=\"\">de reuni\u00f3<\/span> de laboratoris i empreses l\u00edders del sector. CPhI Worldwide s&#8217;ubicar\u00e0 a l&#8217;espai <span class=\"\">Gran<\/span> Via de Fira de Barcelona, ocupant pr\u00e0cticament la seva totalitat. S&#8217;espera que <span class=\"\">congregui<\/span> <span class=\"\">a uns<\/span> 2.500 expositors i atregui m\u00e9s de 36.000 visitants provinents de 150 pa\u00efsos <span class=\"\">diferents.<\/span><\/span><\/p>\n<p>&nbsp;<\/p>\n","protected":false},"excerpt":{"rendered":"<p>Fira de Barcelona acollir\u00e0 la fira l\u00edder mundial del sector farmac\u00e8utic, CPhI Worldwide, del 4 al 6 d&#8217;octubre del 2016. El congr\u00e8s m\u00e9s important de la ind\u00fastria farmac\u00e8utica, CPhI Worldwide, arriba a Barcelona La propera edici\u00f3 de CPhI Worldwide, la fira m\u00e9s important del m\u00f3n de la ind\u00fastria farmac\u00e8utica, tindr\u00e0 lloc a Fira de Barcelona, [&hellip;]<\/p>\n","protected":false},"author":1,"featured_media":3760,"comment_status":"closed","ping_status":"closed","sticky":false,"template":"","format":"standard","meta":[],"categories":[23],"tags":[],"_links":{"self":[{"href":"https:\/\/www.hotelpaseodegracia.es\/ca\/wp-json\/wp\/v2\/posts\/3759"}],"collection":[{"href":"https:\/\/www.hotelpaseodegracia.es\/ca\/wp-json\/wp\/v2\/posts"}],"about":[{"href":"https:\/\/www.hotelpaseodegracia.es\/ca\/wp-json\/wp\/v2\/types\/post"}],"author":[{"embeddable":true,"href":"https:\/\/www.hotelpaseodegracia.es\/ca\/wp-json\/wp\/v2\/users\/1"}],"replies":[{"embeddable":true,"href":"https:\/\/www.hotelpaseodegracia.es\/ca\/wp-json\/wp\/v2\/comments?post=3759"}],"version-history":[{"count":1,"href":"https:\/\/www.hotelpaseodegracia.es\/ca\/wp-json\/wp\/v2\/posts\/3759\/revisions"}],"predecessor-version":[{"id":3761,"href":"https:\/\/www.hotelpaseodegracia.es\/ca\/wp-json\/wp\/v2\/posts\/3759\/revisions\/3761"}],"wp:featuredmedia":[{"embeddable":true,"href":"https:\/\/www.hotelpaseodegracia.es\/ca\/wp-json\/wp\/v2\/media\/3760"}],"wp:attachment":[{"href":"https:\/\/www.hotelpaseodegracia.es\/ca\/wp-json\/wp\/v2\/media?parent=3759"}],"wp:term":[{"taxonomy":"category","embeddable":true,"href":"https:\/\/www.hotelpaseodegracia.es\/ca\/wp-json\/wp\/v2\/categories?post=3759"},{"taxonomy":"post_tag","embeddable":true,"href":"https:\/\/www.hotelpaseodegracia.es\/ca\/wp-json\/wp\/v2\/tags?post=3759"}],"curies":[{"name":"wp","href":"https:\/\/api.w.org\/{rel}","templated":true}]}}