{"id":3727,"date":"2016-08-26T11:18:03","date_gmt":"2016-08-26T11:18:03","guid":{"rendered":"http:\/\/www.hotelpaseodegracia.es\/?p=3727"},"modified":"2016-08-26T11:18:03","modified_gmt":"2016-08-26T11:18:03","slug":"expohogar-tardor-2016","status":"publish","type":"post","link":"https:\/\/www.hotelpaseodegracia.es\/ca\/expohogar-tardor-2016\/","title":{"rendered":"Expohogar Tardor 2016"},"content":{"rendered":"<p><strong>Expohogar<\/strong> torna a Fira de <strong>Barcelona<\/strong> del 17 al 20 de setembre amb la seva edici\u00f3 de tardor. <strong>Expohogar<\/strong> \u00e9s la fira de refer\u00e8ncia per als professionals dels sectors del regal, la decoraci\u00f3, els complements de moda i la bijuteria del nord-est de la pen\u00ednsula, i en aquesta edici\u00f3 de tardor se centrar\u00e0 en la temporada nadalenca amb les \u00faltimes tend\u00e8ncies en objectes de regal, bijuteria, complements de moda i decoraci\u00f3 de la llar, a la qual se suma el sector de Joieria i Rellotgeria despr\u00e9s de l&#8217;\u00e8xit de l&#8217;any passat, aquest cop amb la seva pr\u00f2pia \u00e0rea anomenada BCNjoya.<\/p>\n<p>&nbsp;<\/p>\n<h2>Les diferents \u00e0rees d&#8217;exposici\u00f3 per tem\u00e0tiques d&#8217;Expohogar<\/h2>\n<p><strong>Expohogar<\/strong> se celebrar\u00e0 al Palau 2 de Montju\u00efc i compta amb les seg\u00fcents \u00e0rres: Regal, Interiorisme i decoraci\u00f3; BCNjoya; Bijuteria i complements de moda; artesania; papereria; T\u00e8xtil i llar; Marroquineria i viatge; Taula i cuina; Decoraci\u00f3 floral, terrassa i jard\u00ed; il\u00b7luminaci\u00f3; Cura personal; Puericultura i Souvenir. Es preveu que acudiran unes 200 empreses expositores que ocuparan uns 18.000 m2.<\/p>\n<p><img loading=\"lazy\" class=\"alignnone size-full wp-image-3721\" src=\"http:\/\/www.hotelpaseodegracia.es\/wp-content\/uploads\/2016\/08\/expohogar-oto\u00f1o-2016-barcelona-hotel02..jpeg\" alt=\"Expohogar Oto\u00f1o 2016 Barcelona hotel\" width=\"1600\" height=\"1067\" srcset=\"https:\/\/www.hotelpaseodegracia.es\/wp-content\/uploads\/2016\/08\/expohogar-oto\u00f1o-2016-barcelona-hotel02..jpeg 1600w, https:\/\/www.hotelpaseodegracia.es\/wp-content\/uploads\/2016\/08\/expohogar-oto\u00f1o-2016-barcelona-hotel02.-300x200.jpeg 300w, https:\/\/www.hotelpaseodegracia.es\/wp-content\/uploads\/2016\/08\/expohogar-oto\u00f1o-2016-barcelona-hotel02.-768x512.jpeg 768w, https:\/\/www.hotelpaseodegracia.es\/wp-content\/uploads\/2016\/08\/expohogar-oto\u00f1o-2016-barcelona-hotel02.-1024x683.jpeg 1024w\" sizes=\"(max-width: 1600px) 100vw, 1600px\" \/><\/p>\n<p>Completar\u00e0 l&#8217;oferta d&#8217;Exphogar Tardor un programa d&#8217;activitats formatives, amb tallers i pon\u00e8ncies sobre marxandatge visual, art floral, aparadorisme, comer\u00e7 electr\u00f2nic o responsabilitat social entre d\u2019altres, que permetran als assistents millorar la seva competitivitat.<\/p>\n<p>&nbsp;<\/p>\n<p>Podeu trobar tota la informaci\u00f3 a la <a href=\"http:\/\/www.expohogar.com\" target=\"_blank\">p\u00e0gina web d&#8217;Expohogar.<\/a><\/p>\n","protected":false},"excerpt":{"rendered":"<p>Expohogar torna a Fira de Barcelona del 17 al 20 de setembre amb la seva edici\u00f3 de tardor. Expohogar \u00e9s la fira de refer\u00e8ncia per als professionals dels sectors del regal, la decoraci\u00f3, els complements de moda i la bijuteria del nord-est de la pen\u00ednsula, i en aquesta edici\u00f3 de tardor se centrar\u00e0 en la [&hellip;]<\/p>\n","protected":false},"author":1,"featured_media":3728,"comment_status":"closed","ping_status":"closed","sticky":false,"template":"","format":"standard","meta":[],"categories":[23],"tags":[],"_links":{"self":[{"href":"https:\/\/www.hotelpaseodegracia.es\/ca\/wp-json\/wp\/v2\/posts\/3727"}],"collection":[{"href":"https:\/\/www.hotelpaseodegracia.es\/ca\/wp-json\/wp\/v2\/posts"}],"about":[{"href":"https:\/\/www.hotelpaseodegracia.es\/ca\/wp-json\/wp\/v2\/types\/post"}],"author":[{"embeddable":true,"href":"https:\/\/www.hotelpaseodegracia.es\/ca\/wp-json\/wp\/v2\/users\/1"}],"replies":[{"embeddable":true,"href":"https:\/\/www.hotelpaseodegracia.es\/ca\/wp-json\/wp\/v2\/comments?post=3727"}],"version-history":[{"count":1,"href":"https:\/\/www.hotelpaseodegracia.es\/ca\/wp-json\/wp\/v2\/posts\/3727\/revisions"}],"predecessor-version":[{"id":3729,"href":"https:\/\/www.hotelpaseodegracia.es\/ca\/wp-json\/wp\/v2\/posts\/3727\/revisions\/3729"}],"wp:featuredmedia":[{"embeddable":true,"href":"https:\/\/www.hotelpaseodegracia.es\/ca\/wp-json\/wp\/v2\/media\/3728"}],"wp:attachment":[{"href":"https:\/\/www.hotelpaseodegracia.es\/ca\/wp-json\/wp\/v2\/media?parent=3727"}],"wp:term":[{"taxonomy":"category","embeddable":true,"href":"https:\/\/www.hotelpaseodegracia.es\/ca\/wp-json\/wp\/v2\/categories?post=3727"},{"taxonomy":"post_tag","embeddable":true,"href":"https:\/\/www.hotelpaseodegracia.es\/ca\/wp-json\/wp\/v2\/tags?post=3727"}],"curies":[{"name":"wp","href":"https:\/\/api.w.org\/{rel}","templated":true}]}}