{"id":2153,"date":"2015-03-05T13:47:37","date_gmt":"2015-03-05T13:47:37","guid":{"rendered":""},"modified":"2017-09-27T14:02:17","modified_gmt":"2017-09-27T14:02:17","slug":"zurich-marato-barcelona-3","status":"publish","type":"post","link":"https:\/\/www.hotelpaseodegracia.es\/ca\/zurich-marato-barcelona-3\/","title":{"rendered":"Zurich Marat\u00f3 Barcelona"},"content":{"rendered":"<div class=\"field_titular_evento\">\n<div><b>Titular:<\/b><\/div>\n<p>Zurich Marat\u00f3 Barcelona 2015<\/p>\n<\/div>\n<div class=\"field_lugar_evento\">\n<div><b>Lugar evento:<\/b><\/div>\n<p>Barcelona<\/p>\n<\/div>\n<div class=\"field_fecha_evento\">\n<div><b>Fecha evento:<\/b><\/div>\n<p>15 Mar\u00e7 2015<\/p>\n<\/div>\n<div class=\"field_descbreve_evento\">\n<div><b>Evento desc breve:<\/b><\/div>\n<\/div>\n<p>El 15 de mar\u00e7 Barcelona acull la <strong>Zurich Marat\u00f3 Barcelona<\/strong>, que celebra ja ni m\u00e9s ni menys que 37 edicions.<\/p>\n<p>&nbsp;<\/p>\n<p>La <strong>Zurich Marat\u00f3 Barcelona<\/strong> ja est\u00e0 afermada com una de les maratons referents a Europa, pels atractius que ofereix <strong>Barcelona <\/strong>com a ciutat i el bon temps, i atrau corredors de 87 nacionalitats diferents. <span title=\"Ya hay m\u00e1s de 15.000 inscritos. \">Ja hi ha m\u00e9s de 15.000 inscrits.<\/span><\/p>\n<h2>La Zurich Marat\u00f3 passar\u00e0 per davant de l&#8217;hotel<\/h2>\n<p>La<strong> Zurich Marat\u00f3 Barcelona<\/strong> compta amb un recorregut de 42 quil\u00f2metres molt interessant que permetr\u00e0 als participants gaudir mentre corren dels principals atractius tur\u00edstics de <strong>Barcelona<\/strong>. <span title=\"Empezar\u00e1 en Montju\u00efc a las 8:30 y pasar\u00e1 por sitios como el Camp Nou, el barrio g\u00f3tico, la Sagrada Familia, etc.\">La marat\u00f3 comen\u00e7ar\u00e0 a Montju\u00efc a les 8:30 i passar\u00e0 per llocs com el Camp Nou, el barri g\u00f2tic, la Sagrada Fam\u00edlia, etc. <\/span><span title=\"Tambi\u00e9n pasar\u00e1 por delante del Hotel Passeig de Gr\u00e0cia, que est\u00e1 al lado de La Pedrera, justo antes del quil\u00f3metro 15 de carrera. \">Tamb\u00e9 passar\u00e0 per davant de l&#8217;<strong>Hotel Passeig de Gr\u00e0cia<\/strong>, que est\u00e0 al costat de la Pedrera, just abans del quil\u00f2metre 15 de carrera.<\/span><\/p>\n<p>&nbsp;<\/p>\n<h2><span title=\"La Zurich Marat\u00f3 Barcelona tambi\u00e9n para los ni\u00f1os. \">La Zurich Marat\u00f3 Barcelona tamb\u00e9 per als nens.<\/span><\/h2>\n<p>Com tots els actes esportius que se celebren a Barcelona, la <strong>Zurich Marat\u00f3 Barcelona<\/strong> ser\u00e0 una festa ciutadana, on a m\u00e9s hi haur\u00e0 bandes de m\u00fasica i un gran ambient familiar. <span title=\"Adem\u00e1s, este a\u00f1o la Zurich Marat\u00f3 Barcelona ha creado la Kids Race, que invita a los ni\u00f1os y ni\u00f1as a participar tambi\u00e9n de este gran evento. \">A m\u00e9s, aquest any la <strong>Zurich Marat\u00f3 Barcelona<\/strong> ha creat la Kids Race, que convida els nens i nenes a participar tamb\u00e9 d&#8217;aquest gran esdeveniment.<\/span><\/p>\n<p>&nbsp;<\/p>\n<p>&nbsp;<\/p>\n<p>Per a m\u00e9s informaci\u00f3: <a href=\"http:\/\/www.zurichmaratobarcelona.es\" target=\"_blank\">http:\/\/www.zurichmaratobarcelona.es<\/a><\/p>\n<p>&nbsp;<\/p>\n<p>Tornar a <a href=\"http:\/\/www.hotelpaseodegracia.es\/webnova\/?p=2091\">Agenda Barcelona<\/a><\/p>\n<p>Reservar una habitaci\u00f3 a <a href=\"https:\/\/reservations.verticalbooking.com\/reservations\/index.html?lingua_int=cat&amp;id_stile=13265&amp;id_albergo=17502&amp;dc=4515\" target=\"_blank\">Hotel Passeig de Gr\u00e0cia *<\/a> o a <a title=\"Hotel boutique a Barcelona\" href=\"http:\/\/www.hotelactual.com\" target=\"_blank\">Hotel Actual ***<\/a><\/p>\n<p>&nbsp;<\/p>\n","protected":false},"excerpt":{"rendered":"<p>Titular: Zurich Marat\u00f3 Barcelona 2015 Lugar evento: Barcelona Fecha evento: 15 Mar\u00e7 2015 Evento desc breve: El 15 de mar\u00e7 Barcelona acull la Zurich Marat\u00f3 Barcelona, que celebra ja ni m\u00e9s ni menys que 37 edicions. &nbsp; La Zurich Marat\u00f3 Barcelona ja est\u00e0 afermada com una de les maratons referents a Europa, pels atractius que [&hellip;]<\/p>\n","protected":false},"author":43774,"featured_media":2719,"comment_status":"closed","ping_status":"closed","sticky":false,"template":"","format":"standard","meta":[],"categories":[23],"tags":[],"_links":{"self":[{"href":"https:\/\/www.hotelpaseodegracia.es\/ca\/wp-json\/wp\/v2\/posts\/2153"}],"collection":[{"href":"https:\/\/www.hotelpaseodegracia.es\/ca\/wp-json\/wp\/v2\/posts"}],"about":[{"href":"https:\/\/www.hotelpaseodegracia.es\/ca\/wp-json\/wp\/v2\/types\/post"}],"author":[{"embeddable":true,"href":"https:\/\/www.hotelpaseodegracia.es\/ca\/wp-json\/wp\/v2\/users\/43774"}],"replies":[{"embeddable":true,"href":"https:\/\/www.hotelpaseodegracia.es\/ca\/wp-json\/wp\/v2\/comments?post=2153"}],"version-history":[{"count":4,"href":"https:\/\/www.hotelpaseodegracia.es\/ca\/wp-json\/wp\/v2\/posts\/2153\/revisions"}],"predecessor-version":[{"id":4521,"href":"https:\/\/www.hotelpaseodegracia.es\/ca\/wp-json\/wp\/v2\/posts\/2153\/revisions\/4521"}],"wp:featuredmedia":[{"embeddable":true,"href":"https:\/\/www.hotelpaseodegracia.es\/ca\/wp-json\/wp\/v2\/media\/2719"}],"wp:attachment":[{"href":"https:\/\/www.hotelpaseodegracia.es\/ca\/wp-json\/wp\/v2\/media?parent=2153"}],"wp:term":[{"taxonomy":"category","embeddable":true,"href":"https:\/\/www.hotelpaseodegracia.es\/ca\/wp-json\/wp\/v2\/categories?post=2153"},{"taxonomy":"post_tag","embeddable":true,"href":"https:\/\/www.hotelpaseodegracia.es\/ca\/wp-json\/wp\/v2\/tags?post=2153"}],"curies":[{"name":"wp","href":"https:\/\/api.w.org\/{rel}","templated":true}]}}