{"id":2124,"date":"2014-05-09T11:09:01","date_gmt":"2014-05-09T11:09:01","guid":{"rendered":""},"modified":"2017-09-27T14:02:28","modified_gmt":"2017-09-27T14:02:28","slug":"32-salo-internacional-del-comic-de-barcelona","status":"publish","type":"post","link":"https:\/\/www.hotelpaseodegracia.es\/ca\/32-salo-internacional-del-comic-de-barcelona\/","title":{"rendered":"32 Sal\u00f3 Internacional del C\u00f2mic de Barcelona"},"content":{"rendered":"<div class=\"field_titular_evento\">\n<div><b>Titular:<\/b><\/div>\n<p>32 Sal\u00f3 Internacional del C\u00f2mic de Barcelona<\/p>\n<\/div>\n<div class=\"field_lugar_evento\">\n<div><b>Lugar evento:<\/b><\/div>\n<p>Fira Barcelona, Montju\u00efc<\/p>\n<\/div>\n<div class=\"field_fecha_evento\">\n<div><b>Fecha evento:<\/b><\/div>\n<p>15-18 de Maig 2014<\/p>\n<\/div>\n<div class=\"field_descbreve_evento\">\n<div><b>Evento desc breve:<\/b><\/div>\n<p>Torna el <strong>Sal\u00f3 del C\u00f2mic de Barcelona<\/strong>, fira del c\u00f2mic de refer\u00e8ncia a nivell internacional, del 15 al 18 de maig a Fira de <strong>Barcelona<\/strong>.<\/p>\n<\/div>\n<p>El <strong>Sal\u00f3 Internacional del C\u00f2mic<\/strong> celebra enguany la seva 32 edici\u00f3. Aquest any ha escollit la guerra com a tema central per commemorar diferents aniversaris de car\u00e0cter b\u00e8l\u00b7lic que coincideixen aquest any: el centenari de l&#8217;inici de la I Guerra Mundial, el 75\u00e8 aniversari de l&#8217;inici de la Segona Guerra Mundial, el tamb\u00e9 75\u00e8 aniversari de la fi de la Guerra Civil Espanyola i el tricentenari de la fi de la Guerra de Successi\u00f3 Espanyola el 1714. Per fer-ho, ha organitzat una macroexposici\u00f3 amb m\u00e9s de 200 originals d&#8217;autors de tot el m\u00f3n i que ocupar\u00e0 tot el Hall 1 de Fira de <strong>Barcelona<\/strong>, que s\u00f3n 12.000m2 .<\/p>\n<p>&nbsp;<\/p>\n<h2>El Sal\u00f3 del C\u00f2mic oferir\u00e0 representacions en viu<\/h2>\n<p>A l&#8217;exposici\u00f3 principal de<strong> la Fira del C\u00f2mic<\/strong> tamb\u00e9 hi haur\u00e0 representacions en viu d&#8217;escenes de guerra hist\u00f2riques com els campaments de Miquelets, el campament durant la Batalla de l&#8217;Ebre de la Guerra Civil Espanyola o l&#8217;entrada dels Nou al Par\u00eds ocupat pels nazis durant la Segona Guerra Mundial.<\/p>\n<h2>Altres aniversaris destacats al Sal\u00f3 del C\u00f2mic de Barcelona<\/h2>\n<p>El <strong>Sal\u00f3 del C\u00f2mic de Barcelona<\/strong> vol celebrar altres aniversari com el 75 aniversari de la creaci\u00f3 de Batman o el 40 aniversari del personatge de Marvel, Lobezno. A m\u00e9s dedicar\u00e0 una exposici\u00f3 al m\u00edtic personatge Popeye, que celebra ni m\u00e9s ni menys que 85 anys de la seva primera aparici\u00f3 en una vinyeta.<\/p>\n<h2>Els convidats estrella del Sal\u00f3 del C\u00f2mic de Barcelona<\/h2>\n<p>Encara que el <strong>Sal\u00f3 Internacional del C\u00f2mic<\/strong> compta enguany amb un pressupost inferior al del 2013, ha aconseguit doblar pr\u00e0cticament l&#8217;espai ocupat a Fira de Barcelona i tamb\u00e9 ha aconseguit convidar estrelles internacionals del C\u00f2mic com el periodista Joe Sacco, els brit\u00e0nics Andrew Wildman (Transformers) i Mike Carey (The Unwritten), l&#8217;argent\u00ed Eduardo Risso (100 Bales), les franceses Audrey Spiry (En silenci), Chlo\u00e9 Cruchaudet (Mauvais genre), els italians Manuele Fior (l&#8217;entrevista) i Pasquale del Vecchio (WW2.2) o el serbi RM Gu\u00e9ra (Django Desencadenat).<\/p>\n<p>P\u00e0gina oficial del <a href=\"http:\/\/comic-32.ficomic.com\/\" target=\"_blank\">Sal\u00f3 Internacional del C\u00f2mic<\/a><\/p>\n<p>&nbsp;<\/p>\n<p>Tornar a <a href=\"http:\/\/www.hotelpaseodegracia.es\/webnova\/?p=2091\">Agenda Barcelona<\/a><\/p>\n<p>Reservar una habitaci\u00f3 a <a href=\"https:\/\/reservations.verticalbooking.com\/reservations\/index.html?lingua_int=cat&amp;id_stile=13265&amp;id_albergo=17502&amp;dc=4515\" target=\"_blank\">Hotel Passeig de Gr\u00e0cia *<\/a> o a <a title=\"Hotel boutique a Barcelona\" href=\"http:\/\/www.hotelactual.com\" target=\"_blank\">Hotel Actual ***<\/a><br \/>\n<em>Fonts : El Peri\u00f3dico , Ficomic.com<\/em><\/p>\n","protected":false},"excerpt":{"rendered":"<p>Titular: 32 Sal\u00f3 Internacional del C\u00f2mic de Barcelona Lugar evento: Fira Barcelona, Montju\u00efc Fecha evento: 15-18 de Maig 2014 Evento desc breve: Torna el Sal\u00f3 del C\u00f2mic de Barcelona, fira del c\u00f2mic de refer\u00e8ncia a nivell internacional, del 15 al 18 de maig a Fira de Barcelona. El Sal\u00f3 Internacional del C\u00f2mic celebra enguany la [&hellip;]<\/p>\n","protected":false},"author":43774,"featured_media":2606,"comment_status":"open","ping_status":"open","sticky":false,"template":"","format":"standard","meta":[],"categories":[23],"tags":[],"_links":{"self":[{"href":"https:\/\/www.hotelpaseodegracia.es\/ca\/wp-json\/wp\/v2\/posts\/2124"}],"collection":[{"href":"https:\/\/www.hotelpaseodegracia.es\/ca\/wp-json\/wp\/v2\/posts"}],"about":[{"href":"https:\/\/www.hotelpaseodegracia.es\/ca\/wp-json\/wp\/v2\/types\/post"}],"author":[{"embeddable":true,"href":"https:\/\/www.hotelpaseodegracia.es\/ca\/wp-json\/wp\/v2\/users\/43774"}],"replies":[{"embeddable":true,"href":"https:\/\/www.hotelpaseodegracia.es\/ca\/wp-json\/wp\/v2\/comments?post=2124"}],"version-history":[{"count":3,"href":"https:\/\/www.hotelpaseodegracia.es\/ca\/wp-json\/wp\/v2\/posts\/2124\/revisions"}],"predecessor-version":[{"id":4522,"href":"https:\/\/www.hotelpaseodegracia.es\/ca\/wp-json\/wp\/v2\/posts\/2124\/revisions\/4522"}],"wp:featuredmedia":[{"embeddable":true,"href":"https:\/\/www.hotelpaseodegracia.es\/ca\/wp-json\/wp\/v2\/media\/2606"}],"wp:attachment":[{"href":"https:\/\/www.hotelpaseodegracia.es\/ca\/wp-json\/wp\/v2\/media?parent=2124"}],"wp:term":[{"taxonomy":"category","embeddable":true,"href":"https:\/\/www.hotelpaseodegracia.es\/ca\/wp-json\/wp\/v2\/categories?post=2124"},{"taxonomy":"post_tag","embeddable":true,"href":"https:\/\/www.hotelpaseodegracia.es\/ca\/wp-json\/wp\/v2\/tags?post=2124"}],"curies":[{"name":"wp","href":"https:\/\/api.w.org\/{rel}","templated":true}]}}