{"id":2110,"date":"2014-01-22T11:02:35","date_gmt":"2014-01-22T11:02:35","guid":{"rendered":""},"modified":"2017-09-27T14:04:56","modified_gmt":"2017-09-27T14:04:56","slug":"mobile-world-congress-2014-2","status":"publish","type":"post","link":"https:\/\/www.hotelpaseodegracia.es\/ca\/mobile-world-congress-2014-2\/","title":{"rendered":"Mobile World Congress 2014"},"content":{"rendered":"<div class=\"field_titular_evento\">\n<div><b>Titular:<\/b><\/div>\n<p>Mobile World Congress 2014<\/p>\n<\/div>\n<div class=\"field_lugar_evento\">\n<div><b>Lugar evento:<\/b><\/div>\n<p>Fira Barcelona, Gran Via<\/p>\n<\/div>\n<div class=\"field_fecha_evento\">\n<div><b>Fecha evento:<\/b><\/div>\n<p>24 a 27 febrer 2014<\/p>\n<\/div>\n<div class=\"field_descbreve_evento\">\n<div><b>Evento desc breve:<\/b><\/div>\n<p>Ens encanta que ja torni a ser temps del <strong>Mobile World Congress de Barcelona<\/strong>, l&#8217;esdeveniment m\u00e9s important que se celebra de forma anual a la ciutat.<\/p>\n<\/div>\n<p>El <strong>MWC torna a Barcelona <\/strong>del 24 al 27 de Febrer 2014, i ho fa al recinte firal de Gran Via, com ja ho va fer l&#8217;any passat. Aquest nou espai, de capacitat molt superior a l&#8217;altre recinte de Montju\u00efc, permet que es puguin acceptar molts m\u00e9s expositors i tamb\u00e9, i en conseq\u00fc\u00e8ncia, molts m\u00e9s visitants.<\/p>\n<p>&nbsp;<\/p>\n<h2>Mobile World Congress de Barcelona<\/h2>\n<p>El <strong>Mobile World Congress<\/strong>, organitzat per la GSMA, \u00e9s el major esdeveniment en el sector de les tecnologies m\u00f2bils. Any rere any ha anat creixent i \u00e9s un gran esdeveniment per a <strong>Barcelona <\/strong>. Es preveu que aquest any atenguin el <strong>MWC 2014<\/strong> m\u00e9s de 75.000 visitants, el que significaria un nou r\u00e8cord d&#8217;assist\u00e8ncia.<\/p>\n<p>I \u00e9s que el <strong>Mobile World Congress<\/strong> genera moltes expectatives i especulacions, ja que les grans empreses de tecnologia per a tel\u00e8fons i dispositius m\u00f2bils solen esperar el <strong>MWC <\/strong>per presentar els seus nous dispositius i tecnologies. Aquest any, els rumors indiquen que al <strong>MWC 2014<\/strong> es presentaran el Samsung Galaxy S5, el Sony Xperia Z2 i l&#8217;HTC One Two (M8).<\/p>\n<p><img style=\"width: 650px; height: 295px;\" title=\"Hotel low cost para el MWC de Barcelona\" src=\"http:\/\/www.hotelpaseodegracia.es\/webnova\/wp-content\/uploads\/mwc-barcelona-hotel-03.jpg\" alt=\"Hotel low cost para el MWC de Barcelona\" \/><\/p>\n<h2>Hotel low cost per al MWC Barcelona<\/h2>\n<p>Si busquen allotjament a <strong>Barcelona<\/strong>, no s&#8217;oblidin del nostre senzill per\u00f2 confortable hotel low cost al centre de Barcelona, l&#8217;Hotel Passeig de Gr\u00e0cia, on per un preu similar al d&#8217;un hostal podreu gaudir de les principals comoditats d&#8217;un hotel.<\/p>\n<p>Tota la informaci\u00f3: <a href=\"http:\/\/www.mobileworldcongress.com\" target=\"_blank\">www.mobileworldcongress.com<\/a> i tamb\u00e9 podeu seguir a Twitter amb <strong>#MWC14<\/strong>.<\/p>\n<p>&nbsp;<\/p>\n<p>Tornar a <a href=\"http:\/\/www.hotelpaseodegracia.es\/webnova\/?p=2091\">Agenda Barcelona<\/a><\/p>\n<p>Reservar una habitaci\u00f3 a <a href=\"https:\/\/reservations.verticalbooking.com\/reservations\/index.html?lingua_int=cat&amp;id_stile=13265&amp;id_albergo=17502&amp;dc=4515\" target=\"_blank\">Hotel Passeig de Gr\u00e0cia *<\/a> o a <a title=\"Hotel boutique a Barcelona\" href=\"http:\/\/www.hotelactual.com\" target=\"_blank\">Hotel Actual ***<\/a><\/p>\n<p>&nbsp;<\/p>\n","protected":false},"excerpt":{"rendered":"<p>Titular: Mobile World Congress 2014 Lugar evento: Fira Barcelona, Gran Via Fecha evento: 24 a 27 febrer 2014 Evento desc breve: Ens encanta que ja torni a ser temps del Mobile World Congress de Barcelona, l&#8217;esdeveniment m\u00e9s important que se celebra de forma anual a la ciutat. El MWC torna a Barcelona del 24 al [&hellip;]<\/p>\n","protected":false},"author":43774,"featured_media":2545,"comment_status":"closed","ping_status":"closed","sticky":false,"template":"","format":"standard","meta":[],"categories":[23],"tags":[],"_links":{"self":[{"href":"https:\/\/www.hotelpaseodegracia.es\/ca\/wp-json\/wp\/v2\/posts\/2110"}],"collection":[{"href":"https:\/\/www.hotelpaseodegracia.es\/ca\/wp-json\/wp\/v2\/posts"}],"about":[{"href":"https:\/\/www.hotelpaseodegracia.es\/ca\/wp-json\/wp\/v2\/types\/post"}],"author":[{"embeddable":true,"href":"https:\/\/www.hotelpaseodegracia.es\/ca\/wp-json\/wp\/v2\/users\/43774"}],"replies":[{"embeddable":true,"href":"https:\/\/www.hotelpaseodegracia.es\/ca\/wp-json\/wp\/v2\/comments?post=2110"}],"version-history":[{"count":3,"href":"https:\/\/www.hotelpaseodegracia.es\/ca\/wp-json\/wp\/v2\/posts\/2110\/revisions"}],"predecessor-version":[{"id":4525,"href":"https:\/\/www.hotelpaseodegracia.es\/ca\/wp-json\/wp\/v2\/posts\/2110\/revisions\/4525"}],"wp:featuredmedia":[{"embeddable":true,"href":"https:\/\/www.hotelpaseodegracia.es\/ca\/wp-json\/wp\/v2\/media\/2545"}],"wp:attachment":[{"href":"https:\/\/www.hotelpaseodegracia.es\/ca\/wp-json\/wp\/v2\/media?parent=2110"}],"wp:term":[{"taxonomy":"category","embeddable":true,"href":"https:\/\/www.hotelpaseodegracia.es\/ca\/wp-json\/wp\/v2\/categories?post=2110"},{"taxonomy":"post_tag","embeddable":true,"href":"https:\/\/www.hotelpaseodegracia.es\/ca\/wp-json\/wp\/v2\/tags?post=2110"}],"curies":[{"name":"wp","href":"https:\/\/api.w.org\/{rel}","templated":true}]}}