{"id":2105,"date":"2013-11-27T10:29:11","date_gmt":"2013-11-27T10:29:11","guid":{"rendered":""},"modified":"2017-09-27T14:05:32","modified_gmt":"2017-09-27T14:05:32","slug":"patinar-sobre-gel-a-laire-lliure","status":"publish","type":"post","link":"https:\/\/www.hotelpaseodegracia.es\/ca\/patinar-sobre-gel-a-laire-lliure\/","title":{"rendered":"Patinar sobre gel a l&#8217;aire lliure"},"content":{"rendered":"<div class=\"field_titular_evento\">\n<div><b>Titular:<\/b><\/div>\n<p>Patinar sobre gel a l&#8217;aire lliure<\/p>\n<\/div>\n<div class=\"field_lugar_evento\">\n<div><b>Lugar evento:<\/b><\/div>\n<p>Pl. Catalunya<\/p>\n<\/div>\n<div class=\"field_fecha_evento\">\n<div><b>Fecha evento:<\/b><\/div>\n<p>Fins el 7 de gener<\/p>\n<\/div>\n<div class=\"field_descbreve_evento\">\n<div><b>Evento desc breve:<\/b><\/div>\n<\/div>\n<p>Tot i que <strong>Barcelona <\/strong>t\u00e9 un clima temperat, aquests dies de nadal \u00e9s possible <strong>patinar sobre gel <\/strong>i a l&#8217;aire lliure enmig de la ciutat.<\/p>\n<p>&nbsp;<\/p>\n<h2>La pista de gel a l&#8217;aire lliure m\u00e9s gran del m\u00f3n<\/h2>\n<p>Per tercer any consecutiu, <strong>Barcelona instal\u00b7la una enorme pista de gel <\/strong>enmig de la pla\u00e7a Catalunya, al centre de la ciutat. Segons els seus organitzadors, amb una superf\u00edcie d&#8217;uns 1400 metres quadrats \u00e9s la pista de gel a l&#8217;aire lliure m\u00e9s gran del m\u00f3n.<\/p>\n<p>La zona infantil \u00e9s aquest any el doble de gran que l&#8217;any passat, i la pista general tamb\u00e9 ha guanyat metres de m\u00e9s. Per fer-la possible, s&#8217;ha cobert la pista de gel amb una gran carpa que t\u00e9 una estructura sense columnes i que \u00e9s la que va utilitzar el Cirque du Soleil aquest estiu a Andorra. Els preus per a la<strong> pista de patinatge <\/strong>seran de 7 euros per mitja hora i de 9 euros per una hora i mitja, aquest preu inclou el lloguer dels patins. Hi ha descomptes especials per a nens, grups, etc. i si teniu la<a title=\"compres de nadal a barcelona\" href=\"http:\/\/www.hotelpaseodegracia.es\/webnova\/?p=2104\"> Bcn Xmas Card <\/a>tindreu un descompte del 50%.<\/p>\n<h3>Muntatge de la pista de gel Bargelona de 2012<\/h3>\n<p><iframe loading=\"lazy\" src=\"\/\/www.youtube.com\/embed\/GY0K6jX04sw\" width=\"420\" height=\"315\" frameborder=\"0\" allowfullscreen=\"allowfullscreen\"><\/iframe><\/p>\n<p>Tota la informaci\u00f3 d&#8217;horaris i preus est\u00e0 a la seva web <a href=\"http:\/\/www.bargelona.cat\" target=\"_blank\">Bargelona<\/a>, on tamb\u00e9 es pot reservear l&#8217;hora en qu\u00e8 es vol patinar i aix\u00ed evitar llargues cues i esperes innecess\u00e0ries, doncs l\u2019\u00e8xit de la pista de gel altres anys fa pensar que enguany, malgrat i ser m\u00e9s gran, tornar\u00e0 a ser un \u00e8xit absolut.<\/p>\n<p>&nbsp;<\/p>\n<p>Tornar a <a href=\"http:\/\/www.hotelpaseodegracia.es\/webnova\/?p=2091\">Agenda Barcelona<\/a><\/p>\n<p>Reservar una habitaci\u00f3 a <a href=\"https:\/\/reservations.verticalbooking.com\/reservations\/index.html?lingua_int=cat&amp;id_stile=13265&amp;id_albergo=17502&amp;dc=4515\" target=\"_blank\">Hotel Passeig de Gr\u00e0cia *<\/a> o a <a title=\"Hotel boutique a Barcelona\" href=\"http:\/\/www.hotelactual.com\" target=\"_blank\">Hotel Actual ***<\/a><\/p>\n<p>&nbsp;<\/p>\n","protected":false},"excerpt":{"rendered":"<p>Titular: Patinar sobre gel a l&#8217;aire lliure Lugar evento: Pl. Catalunya Fecha evento: Fins el 7 de gener Evento desc breve: Tot i que Barcelona t\u00e9 un clima temperat, aquests dies de nadal \u00e9s possible patinar sobre gel i a l&#8217;aire lliure enmig de la ciutat. &nbsp; La pista de gel a l&#8217;aire lliure m\u00e9s [&hellip;]<\/p>\n","protected":false},"author":43774,"featured_media":2518,"comment_status":"closed","ping_status":"closed","sticky":false,"template":"","format":"standard","meta":[],"categories":[23],"tags":[],"_links":{"self":[{"href":"https:\/\/www.hotelpaseodegracia.es\/ca\/wp-json\/wp\/v2\/posts\/2105"}],"collection":[{"href":"https:\/\/www.hotelpaseodegracia.es\/ca\/wp-json\/wp\/v2\/posts"}],"about":[{"href":"https:\/\/www.hotelpaseodegracia.es\/ca\/wp-json\/wp\/v2\/types\/post"}],"author":[{"embeddable":true,"href":"https:\/\/www.hotelpaseodegracia.es\/ca\/wp-json\/wp\/v2\/users\/43774"}],"replies":[{"embeddable":true,"href":"https:\/\/www.hotelpaseodegracia.es\/ca\/wp-json\/wp\/v2\/comments?post=2105"}],"version-history":[{"count":3,"href":"https:\/\/www.hotelpaseodegracia.es\/ca\/wp-json\/wp\/v2\/posts\/2105\/revisions"}],"predecessor-version":[{"id":4526,"href":"https:\/\/www.hotelpaseodegracia.es\/ca\/wp-json\/wp\/v2\/posts\/2105\/revisions\/4526"}],"wp:featuredmedia":[{"embeddable":true,"href":"https:\/\/www.hotelpaseodegracia.es\/ca\/wp-json\/wp\/v2\/media\/2518"}],"wp:attachment":[{"href":"https:\/\/www.hotelpaseodegracia.es\/ca\/wp-json\/wp\/v2\/media?parent=2105"}],"wp:term":[{"taxonomy":"category","embeddable":true,"href":"https:\/\/www.hotelpaseodegracia.es\/ca\/wp-json\/wp\/v2\/categories?post=2105"},{"taxonomy":"post_tag","embeddable":true,"href":"https:\/\/www.hotelpaseodegracia.es\/ca\/wp-json\/wp\/v2\/tags?post=2105"}],"curies":[{"name":"wp","href":"https:\/\/api.w.org\/{rel}","templated":true}]}}