{"id":2097,"date":"2013-09-13T09:39:58","date_gmt":"2013-09-13T09:39:58","guid":{"rendered":""},"modified":"2016-07-19T13:04:29","modified_gmt":"2016-07-19T13:04:29","slug":"la-merce-2013-3","status":"publish","type":"post","link":"https:\/\/www.hotelpaseodegracia.es\/ca\/la-merce-2013-3\/","title":{"rendered":"La Merc\u00e8 2013"},"content":{"rendered":"<div class=\"field_titular_evento\">\n<div><b>Titular:<\/b><\/div>\n<p>La Merc\u00e8 2013<\/p>\n<\/div>\n<div class=\"field_lugar_evento\">\n<div><b>Lugar evento:<\/b><\/div>\n<p>Barcelona<\/p>\n<\/div>\n<div class=\"field_fecha_evento\">\n<div><b>Fecha evento:<\/b><\/div>\n<p>15-24 Setembre 2013<\/p>\n<\/div>\n<div class=\"field_descbreve_evento\">\n<div><b>Evento desc breve:<\/b><\/div>\n<p>El 24 de setembre \u00e9s Santa <strong>Merc\u00e8<\/strong>, la patrona de <strong>Barcelona<\/strong>, i per aix\u00f2 durant tot el cap de setmana la ciutat es converteix en l&#8217;escenari d&#8217;una gran festa.<\/p>\n<\/div>\n<p>Les festes de la <strong>Merc\u00e8<\/strong> omplen cada any la ciutat de m\u00fasica, festes i activitats. Durant els dies que duren les festivitats es poden fer moltes coses pensades per a gent de totes les edats.<\/p>\n<p><img style=\"width: 600px; height: 396px;\" src=\"http:\/\/www.hotelpaseodegracia.es\/webnova\/wp-content\/uploads\/Cartell-La-Merce-Barcelona-2013.jpg\" alt=\"Cartell de La Merc\u00e8 2013 - Hotel al centre de Barcelona\" \/><\/p>\n<p>Per descomptat els nens tenen un paper protagonista i es realitzen tallers, espectacles infantils i correfocs especialment pensat per a ells. Per als m\u00e9s grans tamb\u00e9 hi ha molts concerts, que se celebraran als escenaris muntats en diferents espais emblem\u00e0tics de <strong>Barcelona<\/strong>, exposicions, projeccions, curses populars, obres de teatre i espectacles diversos &#8230;<\/p>\n<p>Com sempre, doncs, <strong>la<\/strong><strong>Merc\u00e8<\/strong> arriba plena de propostes interessants. D&#8217;una banda hi ha les m\u00e9s tradicionals que no poden faltar: sardanes, castellers, gegants, capgrossos, correfocs, etc. Sens dubte un m\u00f3n de color que si sou de fora de Catalunya no us podeu perdre.<br \/>\nPer\u00f2 <strong>la<\/strong><strong>Merc\u00e8<\/strong> arriba amb novetats i activitats que aprofiten les tecnologies actuals. La fa\u00e7ana de l&#8217;ajuntament ser\u00e0 escenari d&#8217;una projecci\u00f3 de llums i v\u00eddeo que retr\u00e0 homenatge a Georges Meli\u00e8s i que promet ser espectacular. Per\u00f2 la novetat principal \u00e9s que per primera vegada hi haur\u00e0 un concert amb una cantant virtual, anomenada Ona.<br \/>\nI la traca final ser\u00e0 el piromusical, que en pocs anys ja s&#8217;ha convertit en una tradici\u00f3 m\u00e9s de les festes.<\/p>\n<p><img style=\"width: 600px; height: 450px;\" src=\"http:\/\/www.hotelpaseodegracia.es\/webnova\/wp-content\/uploads\/la-merce-2013-barcelona-correfoc.jpg\" alt=\"La Merc\u00e8 2013 - Hotel al centre de Barcelona\" \/><\/p>\n<h2>Barcelona amb les xarxes<\/h2>\n<p><strong>Barcelona<\/strong> fa honors a la seva reputaci\u00f3 innovadora i cosmopolita i utilitzar\u00e0 les xarxes socials i els dispositius m\u00f2bils per facilitar la informaci\u00f3 i la participaci\u00f3 dels ciutadans. Es podr\u00e0 seguir la informaci\u00f3 a trav\u00e9s de Twitter @ bcncultura, Facebook i Line, i els ciutadans podran compartir les seves fotos a trav\u00e9s d&#8217;Instagram.<\/p>\n<p>Tota la informaci\u00f3 i la programaci\u00f3 a \u00a0<a href=\"http:\/\/merce.bcn.cat\/\" target=\"_blank\">http:\/\/merce.bcn.cat\/<\/a><\/p>\n","protected":false},"excerpt":{"rendered":"<p>Titular: La Merc\u00e8 2013 Lugar evento: Barcelona Fecha evento: 15-24 Setembre 2013 Evento desc breve: El 24 de setembre \u00e9s Santa Merc\u00e8, la patrona de Barcelona, i per aix\u00f2 durant tot el cap de setmana la ciutat es converteix en l&#8217;escenari d&#8217;una gran festa. Les festes de la Merc\u00e8 omplen cada any la ciutat de [&hellip;]<\/p>\n","protected":false},"author":43774,"featured_media":2500,"comment_status":"open","ping_status":"open","sticky":false,"template":"","format":"standard","meta":[],"categories":[23],"tags":[],"_links":{"self":[{"href":"https:\/\/www.hotelpaseodegracia.es\/ca\/wp-json\/wp\/v2\/posts\/2097"}],"collection":[{"href":"https:\/\/www.hotelpaseodegracia.es\/ca\/wp-json\/wp\/v2\/posts"}],"about":[{"href":"https:\/\/www.hotelpaseodegracia.es\/ca\/wp-json\/wp\/v2\/types\/post"}],"author":[{"embeddable":true,"href":"https:\/\/www.hotelpaseodegracia.es\/ca\/wp-json\/wp\/v2\/users\/43774"}],"replies":[{"embeddable":true,"href":"https:\/\/www.hotelpaseodegracia.es\/ca\/wp-json\/wp\/v2\/comments?post=2097"}],"version-history":[{"count":2,"href":"https:\/\/www.hotelpaseodegracia.es\/ca\/wp-json\/wp\/v2\/posts\/2097\/revisions"}],"predecessor-version":[{"id":3683,"href":"https:\/\/www.hotelpaseodegracia.es\/ca\/wp-json\/wp\/v2\/posts\/2097\/revisions\/3683"}],"wp:featuredmedia":[{"embeddable":true,"href":"https:\/\/www.hotelpaseodegracia.es\/ca\/wp-json\/wp\/v2\/media\/2500"}],"wp:attachment":[{"href":"https:\/\/www.hotelpaseodegracia.es\/ca\/wp-json\/wp\/v2\/media?parent=2097"}],"wp:term":[{"taxonomy":"category","embeddable":true,"href":"https:\/\/www.hotelpaseodegracia.es\/ca\/wp-json\/wp\/v2\/categories?post=2097"},{"taxonomy":"post_tag","embeddable":true,"href":"https:\/\/www.hotelpaseodegracia.es\/ca\/wp-json\/wp\/v2\/tags?post=2097"}],"curies":[{"name":"wp","href":"https:\/\/api.w.org\/{rel}","templated":true}]}}