{"id":2089,"date":"2013-06-11T11:49:43","date_gmt":"2013-06-11T11:49:43","guid":{"rendered":""},"modified":"2016-07-19T12:58:11","modified_gmt":"2016-07-19T12:58:11","slug":"moto-gp-2013-2","status":"publish","type":"post","link":"https:\/\/www.hotelpaseodegracia.es\/ca\/moto-gp-2013-2\/","title":{"rendered":"Moto GP 2013"},"content":{"rendered":"<div class=\"field_titular_evento\">\n<div><b>Titular:<\/b><\/div>\n<p>Moto GP Catalunya 2013<\/p>\n<\/div>\n<div class=\"field_lugar_evento\">\n<div><b>Lugar evento:<\/b><\/div>\n<p>Circuit Catalunya, Montmel\u00f3<\/p>\n<\/div>\n<div class=\"field_fecha_evento\">\n<div><b>Fecha evento:<\/b><\/div>\n<p>14-16 Juny 2013<\/p>\n<\/div>\n<div class=\"field_descbreve_evento\">\n<div><b>Evento desc breve:<\/b><\/div>\n<p>Ja torna l&#8217;emoci\u00f3 del <strong>Moto GP a Barcelona<\/strong>. Ser\u00e0 el proper cap de setmana del 14 al 16 de juny al Circuit de Catalunya, a Montmel\u00f3.<\/p>\n<\/div>\n<h2><\/h2>\n<h2>Torna l&#8217;emoci\u00f3 del Moto GP a Barcelona<\/h2>\n<p>El campionat de <strong>Moto GP<\/strong> arriba a <strong>Catalunya <\/strong>amb l&#8217;emoci\u00f3 de sempre i amb l&#8217;atractiu afegit amb tenir tres pilots espanyols ocupant els primers llocs.<\/p>\n<p>Als grand\u00edssims Dani Pedrosa i Jorge Lorenzo, campi\u00f3 del m\u00f3n el 2012, se&#8217;ls suma aquest any el jove Marc M\u00e1rquez, que en el seu any debut a la categoria reina est\u00e0 sorprenent a tots amb uns resultats d&#8217;infart. Despr\u00e9s de la seva dura caiguda a Mugello, M\u00e1rquez es pujar\u00e0 a la seva Honda per seguir lluitant pel lideratge del campionat.<\/p>\n<p>Amb aquestes vibracions arriba el mundial de <strong>Moto GP al circuit de Catalunya,<\/strong> per oferir als seus fidels seguidors un gran espectacle en qu\u00e8, com sempre, els millors pilots de motos del m\u00f3n es deixaran la pell per aconseguir ocupar un espai al podi.<\/p>\n<h2>Hotel low cost al centre de Barcelona per al Moto GP<\/h2>\n<p>El <strong>Circuit de Catalunya<\/strong>, situat a Montmel\u00f3, es troba a tan sols mitja hora de <strong>Barcelona<\/strong>, pel que si us ve de gust venir a veure les carreres, podeu allotjar-vos al nostre<strong> hotel low cost al centre de Barcelona<\/strong>. A m\u00e9s, aquest cap de setmana t\u00e9 lloc el <a href=\"http:\/\/www.hotelpaseodegracia.es\/webnova\/?p=2087\">Festival S\u00f3nar<\/a>, un indispensable per als amants de la m\u00fasica electr\u00f2nica.<\/p>\n<p><a href=\"http:\/\/www.motogp.com\" target=\"_blank\">Web oficial Moto GP<\/a><br \/>\n<a href=\"http:\/\/www.circuitcat.com\" target=\"_blank\"> Comprar entrades per al Moto GP<\/a><\/p>\n<p>Feli\u00e7 cap de setmana a Barcelona!<\/p>\n","protected":false},"excerpt":{"rendered":"<p>Titular: Moto GP Catalunya 2013 Lugar evento: Circuit Catalunya, Montmel\u00f3 Fecha evento: 14-16 Juny 2013 Evento desc breve: Ja torna l&#8217;emoci\u00f3 del Moto GP a Barcelona. Ser\u00e0 el proper cap de setmana del 14 al 16 de juny al Circuit de Catalunya, a Montmel\u00f3. Torna l&#8217;emoci\u00f3 del Moto GP a Barcelona El campionat de Moto [&hellip;]<\/p>\n","protected":false},"author":43774,"featured_media":2488,"comment_status":"open","ping_status":"open","sticky":false,"template":"","format":"standard","meta":[],"categories":[23],"tags":[],"_links":{"self":[{"href":"https:\/\/www.hotelpaseodegracia.es\/ca\/wp-json\/wp\/v2\/posts\/2089"}],"collection":[{"href":"https:\/\/www.hotelpaseodegracia.es\/ca\/wp-json\/wp\/v2\/posts"}],"about":[{"href":"https:\/\/www.hotelpaseodegracia.es\/ca\/wp-json\/wp\/v2\/types\/post"}],"author":[{"embeddable":true,"href":"https:\/\/www.hotelpaseodegracia.es\/ca\/wp-json\/wp\/v2\/users\/43774"}],"replies":[{"embeddable":true,"href":"https:\/\/www.hotelpaseodegracia.es\/ca\/wp-json\/wp\/v2\/comments?post=2089"}],"version-history":[{"count":4,"href":"https:\/\/www.hotelpaseodegracia.es\/ca\/wp-json\/wp\/v2\/posts\/2089\/revisions"}],"predecessor-version":[{"id":3676,"href":"https:\/\/www.hotelpaseodegracia.es\/ca\/wp-json\/wp\/v2\/posts\/2089\/revisions\/3676"}],"wp:featuredmedia":[{"embeddable":true,"href":"https:\/\/www.hotelpaseodegracia.es\/ca\/wp-json\/wp\/v2\/media\/2488"}],"wp:attachment":[{"href":"https:\/\/www.hotelpaseodegracia.es\/ca\/wp-json\/wp\/v2\/media?parent=2089"}],"wp:term":[{"taxonomy":"category","embeddable":true,"href":"https:\/\/www.hotelpaseodegracia.es\/ca\/wp-json\/wp\/v2\/categories?post=2089"},{"taxonomy":"post_tag","embeddable":true,"href":"https:\/\/www.hotelpaseodegracia.es\/ca\/wp-json\/wp\/v2\/tags?post=2089"}],"curies":[{"name":"wp","href":"https:\/\/api.w.org\/{rel}","templated":true}]}}