{"id":2086,"date":"2013-06-07T10:41:15","date_gmt":"2013-06-07T10:41:15","guid":{"rendered":""},"modified":"2017-09-27T14:06:12","modified_gmt":"2017-09-27T14:06:12","slug":"barcelona-sonar-2013","status":"publish","type":"post","link":"https:\/\/www.hotelpaseodegracia.es\/ca\/barcelona-sonar-2013\/","title":{"rendered":"Barcelona Sonar 2013"},"content":{"rendered":"<div class=\"field_titular_evento\">\n<div><b>Titular:<\/b><\/div>\n<p>S\u00f3nar Festival 2013<\/p>\n<\/div>\n<div class=\"field_lugar_evento\">\n<div><b>Lugar evento:<\/b><\/div>\n<p>Barcelona<\/p>\n<\/div>\n<div class=\"field_fecha_evento\">\n<div><b>Fecha evento:<\/b><\/div>\n<p>13-15 Juny 2013<\/p>\n<\/div>\n<div class=\"field_descbreve_evento\">\n<div><b>Evento desc breve:<\/b><\/div>\n<p>Ja faltamolt poc per a una de les cites m\u00e9s esperades de l&#8217;any, almenys pel que al panorama musical es refereix: el <strong>Festival S\u00f3nar<\/strong>.<\/p>\n<\/div>\n<p><strong>S\u00f3nar <\/strong>\u00e9s el Festival Internacional de M\u00fasica Avan\u00e7ada i New Media que sonar\u00e0 a <strong>Barcelona <\/strong>del 13 al 15 de juny. <strong>S\u00f3nar <\/strong>celebra enguany el seu 20\u00e8 aniversari, i ho fa havent-se convertit en un referent internacional i imprescindible per als professionals i amants del sector per ser \u00fanic i pioner tant en el seu format com en els seus continguts.<\/p>\n<p>&nbsp;<\/p>\n<p>El <strong>Festival S\u00f3nar <\/strong>ha sabut combinar l&#8217;entreteniment amb l&#8217;art i l&#8217;experimentaci\u00f3, sempre amb propostes avantguardistes i presentant els nous corrents en m\u00fasica electr\u00f2nica. A m\u00e9s de portar a Barcelona als artistes m\u00e9s consolidats de la creaci\u00f3 digital i del new media, <strong>S\u00f3nar <\/strong>\u00e9s una plataforma per als nous talents de la producci\u00f3 musical i audiovisual.<\/p>\n<h2>Hotel low cost al centre de Barcelona<\/h2>\n<p><strong>Barcelona <\/strong>s&#8217;omple cada any amb m\u00e9s de 80.000 espectadors de pa\u00efsos de tot el m\u00f3n que v\u00e9nen a gaudir durant aquests tres dies de totes les activitats que ofereix <strong>S\u00f3nar<\/strong>, m\u00e9s enll\u00e0 fins i tot dels concerts. El Festival tamb\u00e9 atrau m\u00e9s de 3.500 professionals.<\/p>\n<p>Tota la informaci\u00f3 sobre el Festival S\u00f3nar de <strong>Barcelona <\/strong>la trobareu a la seva <a href=\"http:\/\/www.sonar.es\" target=\"_blank\">p\u00e0gina web<\/a>, per\u00f2 no oblideu que tamb\u00e9 podeu seguir les seves not\u00edcies a trav\u00e9s de les xarxes socials.<\/p>\n<p>I si necessiteu allotjament a Barcelona, podeu mirar el nostre calendari de disponibilitat.<\/p>\n<p>&nbsp;<\/p>\n<p>Tornar a <a href=\"http:\/\/www.hotelpaseodegracia.es\/webnova\/?p=2091\">Agenda Barcelona<\/a><\/p>\n<p>Reservar una habitaci\u00f3 a <a href=\"https:\/\/reservations.verticalbooking.com\/reservations\/index.html?lingua_int=cat&amp;id_stile=13265&amp;id_albergo=17502&amp;dc=4515\" target=\"_blank\">Hotel Passeig de Gr\u00e0cia *<\/a> o a <a title=\"Hotel boutique a Barcelona\" href=\"http:\/\/www.hotelactual.com\" target=\"_blank\">Hotel Actual ***<\/a><\/p>\n<p>&nbsp;<\/p>\n","protected":false},"excerpt":{"rendered":"<p>Titular: S\u00f3nar Festival 2013 Lugar evento: Barcelona Fecha evento: 13-15 Juny 2013 Evento desc breve: Ja faltamolt poc per a una de les cites m\u00e9s esperades de l&#8217;any, almenys pel que al panorama musical es refereix: el Festival S\u00f3nar. S\u00f3nar \u00e9s el Festival Internacional de M\u00fasica Avan\u00e7ada i New Media que sonar\u00e0 a Barcelona del [&hellip;]<\/p>\n","protected":false},"author":43774,"featured_media":2470,"comment_status":"open","ping_status":"open","sticky":false,"template":"","format":"standard","meta":[],"categories":[23],"tags":[],"_links":{"self":[{"href":"https:\/\/www.hotelpaseodegracia.es\/ca\/wp-json\/wp\/v2\/posts\/2086"}],"collection":[{"href":"https:\/\/www.hotelpaseodegracia.es\/ca\/wp-json\/wp\/v2\/posts"}],"about":[{"href":"https:\/\/www.hotelpaseodegracia.es\/ca\/wp-json\/wp\/v2\/types\/post"}],"author":[{"embeddable":true,"href":"https:\/\/www.hotelpaseodegracia.es\/ca\/wp-json\/wp\/v2\/users\/43774"}],"replies":[{"embeddable":true,"href":"https:\/\/www.hotelpaseodegracia.es\/ca\/wp-json\/wp\/v2\/comments?post=2086"}],"version-history":[{"count":4,"href":"https:\/\/www.hotelpaseodegracia.es\/ca\/wp-json\/wp\/v2\/posts\/2086\/revisions"}],"predecessor-version":[{"id":4528,"href":"https:\/\/www.hotelpaseodegracia.es\/ca\/wp-json\/wp\/v2\/posts\/2086\/revisions\/4528"}],"wp:featuredmedia":[{"embeddable":true,"href":"https:\/\/www.hotelpaseodegracia.es\/ca\/wp-json\/wp\/v2\/media\/2470"}],"wp:attachment":[{"href":"https:\/\/www.hotelpaseodegracia.es\/ca\/wp-json\/wp\/v2\/media?parent=2086"}],"wp:term":[{"taxonomy":"category","embeddable":true,"href":"https:\/\/www.hotelpaseodegracia.es\/ca\/wp-json\/wp\/v2\/categories?post=2086"},{"taxonomy":"post_tag","embeddable":true,"href":"https:\/\/www.hotelpaseodegracia.es\/ca\/wp-json\/wp\/v2\/tags?post=2086"}],"curies":[{"name":"wp","href":"https:\/\/api.w.org\/{rel}","templated":true}]}}