{"id":2057,"date":"2013-02-05T12:28:50","date_gmt":"2013-02-05T12:28:50","guid":{"rendered":""},"modified":"2017-09-27T14:07:15","modified_gmt":"2017-09-27T14:07:15","slug":"2013-02-mobile-world-congress-cat","status":"publish","type":"post","link":"https:\/\/www.hotelpaseodegracia.es\/ca\/2013-02-mobile-world-congress-cat\/","title":{"rendered":"Mobile World Congress 2013"},"content":{"rendered":"<div class=\"field_titular_evento\">\n<div><b>Titular:<\/b><\/div>\n<p>Mobile World Congress 2013<\/p>\n<\/div>\n<div class=\"field_lugar_evento\">\n<div><b>Lugar evento:<\/b><\/div>\n<p>Fira BCN, Gran Via<\/p>\n<\/div>\n<div class=\"field_fecha_evento\">\n<div><b>Fecha evento:<\/b><\/div>\n<p>25 a 28 Feb 2013<\/p>\n<\/div>\n<div class=\"field_descbreve_evento\">\n<div><b>Evento desc breve:<\/b><\/div>\n<p>El <strong>Mobile World Congress 2013<\/strong> ja \u00e9s molt a prop i ultima els preparatius per la seva celebraci\u00f3 del 25 al 27 de febrer a <strong>Barcelona<\/strong>.<\/p>\n<\/div>\n<p>El <strong>Mobile World Congress 2013<\/strong> ja \u00e9s molt a prop i ultima els preparatius per la seva celebraci\u00f3 del 25 al 27 de febrer a <strong>Barcelona<\/strong>.<\/p>\n<h2>El Mobile World Congress 2013 preveu superar tots els r\u00e8cords<\/h2>\n<p>Aquest any, el <strong>MWC <\/strong>ha traslladat tota l&#8217;activitat al recinte firal de Gran Via de Fira de <strong>Barcelona<\/strong>. \u00c9s la primera vegada que el <strong>Mobile World Congress<\/strong> s&#8217;ubicar\u00e0 en aquesta zona i ho far\u00e0 ocupant tot l&#8217;espai, que no \u00e9s poc: 94.000 metres quadrats. Les instal\u2022lacions de Pla\u00e7a Espanya s&#8217;havien quedat petites per als m\u00e9s de 1500 expositors del <strong>MWC<\/strong>, per\u00f2 els organitzadors tampoc s\u2019imaginaven que aconseguirien omplir tot l&#8217;espai de Gran Via el primer any del trasllat. S&#8217;espera tamb\u00e9 superar les dades d&#8217;assist\u00e8ncia, amb la previsi\u00f3 que m\u00e9s de 70.000 visitants assistiran al <strong>MWC 2013<\/strong>.<\/p>\n<p>Segons ha indicat l&#8217;organitzaci\u00f3 del <strong>Mobile World Congress (MWC) 2013<\/strong>, el GSMA, aquest any tamb\u00e9 hi haur\u00e0 m\u00e9s ponents, prop de 3.000. Importants i prestigiosos noms del m\u00f3n empresarial i tecnol\u00f2gic acudiran a <strong>Barcelona <\/strong>per compartir els seus coneixements. En aquest sentit, i per fomentar el networking que \u00e9s un dels aspectes m\u00e9s importants de l&#8217;esdeveniment, el <strong>Mobile World Congress<\/strong> d&#8217;aquest any tamb\u00e9 ha augmentat els punts de trobada per als professionals del sector i ha millorat les connexions de veu i Internet, amb tamb\u00e9 m\u00e9s punts d&#8217;acc\u00e9s a Wifi.<\/p>\n<h2>Hotels a Barcelona per al MWC<\/h2>\n<p>El <strong>Mobile World Congress<\/strong> s&#8217;ha convertit en l&#8217;esdeveniment m\u00e9s important de <strong>Barcelona <\/strong>pel nombre d&#8217;expositors i visitants que atreu. I per les dates en qu\u00e8 es realitza, a finals de febrer, significa tamb\u00e9 l&#8217;arribada de la bona temporada per als <strong>hotels de Barcelona<\/strong>.<\/p>\n<p>Des d\u2019Hotel Paseo de Gracia donem la benvinguda a tots els participants del <strong>Mobile World Congress<\/strong> que ja tenen les seves habitacions reservades al nostre hotel al centre de Barcelona i esperem que la seva estada sigui agradable i satisfact\u00f2ria. No dubtin en contactar amb el nostre personal per a qualsevol cosa que puguin requerir.<\/p>\n<p>Feli\u00e7 MWC 2013!<\/p>\n<p>&nbsp;<\/p>\n<p>Tornar a <a href=\"http:\/\/www.hotelpaseodegracia.es\/webnova\/?p=2091\">Agenda Barcelona<\/a><\/p>\n<p>Reservar una habitaci\u00f3 a <a href=\"https:\/\/reservations.verticalbooking.com\/reservations\/index.html?lingua_int=cat&amp;id_stile=13265&amp;id_albergo=17502&amp;dc=4515\" target=\"_blank\">Hotel Passeig de Gr\u00e0cia *<\/a> o a <a title=\"Hotel boutique a Barcelona\" href=\"http:\/\/www.hotelactual.com\" target=\"_blank\">Hotel Actual ***<\/a><\/p>\n<p>&nbsp;<\/p>\n<p>&nbsp;<\/p>\n","protected":false},"excerpt":{"rendered":"<p>Titular: Mobile World Congress 2013 Lugar evento: Fira BCN, Gran Via Fecha evento: 25 a 28 Feb 2013 Evento desc breve: El Mobile World Congress 2013 ja \u00e9s molt a prop i ultima els preparatius per la seva celebraci\u00f3 del 25 al 27 de febrer a Barcelona. El Mobile World Congress 2013 ja \u00e9s molt [&hellip;]<\/p>\n","protected":false},"author":43774,"featured_media":2284,"comment_status":"open","ping_status":"open","sticky":false,"template":"","format":"standard","meta":[],"categories":[23],"tags":[],"_links":{"self":[{"href":"https:\/\/www.hotelpaseodegracia.es\/ca\/wp-json\/wp\/v2\/posts\/2057"}],"collection":[{"href":"https:\/\/www.hotelpaseodegracia.es\/ca\/wp-json\/wp\/v2\/posts"}],"about":[{"href":"https:\/\/www.hotelpaseodegracia.es\/ca\/wp-json\/wp\/v2\/types\/post"}],"author":[{"embeddable":true,"href":"https:\/\/www.hotelpaseodegracia.es\/ca\/wp-json\/wp\/v2\/users\/43774"}],"replies":[{"embeddable":true,"href":"https:\/\/www.hotelpaseodegracia.es\/ca\/wp-json\/wp\/v2\/comments?post=2057"}],"version-history":[{"count":3,"href":"https:\/\/www.hotelpaseodegracia.es\/ca\/wp-json\/wp\/v2\/posts\/2057\/revisions"}],"predecessor-version":[{"id":4530,"href":"https:\/\/www.hotelpaseodegracia.es\/ca\/wp-json\/wp\/v2\/posts\/2057\/revisions\/4530"}],"wp:featuredmedia":[{"embeddable":true,"href":"https:\/\/www.hotelpaseodegracia.es\/ca\/wp-json\/wp\/v2\/media\/2284"}],"wp:attachment":[{"href":"https:\/\/www.hotelpaseodegracia.es\/ca\/wp-json\/wp\/v2\/media?parent=2057"}],"wp:term":[{"taxonomy":"category","embeddable":true,"href":"https:\/\/www.hotelpaseodegracia.es\/ca\/wp-json\/wp\/v2\/categories?post=2057"},{"taxonomy":"post_tag","embeddable":true,"href":"https:\/\/www.hotelpaseodegracia.es\/ca\/wp-json\/wp\/v2\/tags?post=2057"}],"curies":[{"name":"wp","href":"https:\/\/api.w.org\/{rel}","templated":true}]}}