{"id":2056,"date":"2013-02-05T12:21:53","date_gmt":"2013-02-05T12:21:53","guid":{"rendered":""},"modified":"2017-09-27T14:07:28","modified_gmt":"2017-09-27T14:07:28","slug":"2013-02-formula-1-test-days-cat","status":"publish","type":"post","link":"https:\/\/www.hotelpaseodegracia.es\/ca\/2013-02-formula-1-test-days-cat\/","title":{"rendered":"Formula 1 Test Days 2013"},"content":{"rendered":"<div class=\"field_titular_evento\">\n<div><b>Titular:<\/b><\/div>\n<p>Formula 1 Test Days<\/p>\n<\/div>\n<div class=\"field_lugar_evento\">\n<div><b>Lugar evento:<\/b><\/div>\n<p>Circuit Catalunya, Montmel\u00f3<\/p>\n<\/div>\n<div class=\"field_fecha_evento\">\n<div><b>Fecha evento:<\/b><\/div>\n<p>19-22 Feb i 28 Feb-3 Mar\u00e7 2013<\/p>\n<\/div>\n<div class=\"field_descbreve_evento\">\n<div><b>Evento desc breve:<\/b><\/div>\n<p>El Mundial de <strong>F\u00f3rmula 1<\/strong> ja est\u00e0 escalfant motors i posar\u00e0 a prova totes les novetats motores i tecnol\u00f2giques en els pr\u00f2xims <strong>Formula One Test Days<\/strong> que se celebraran a <strong>Montmel\u00f3<\/strong>, al Circuit de Catalunya, del 19 al 22 de Febrer i del 28 de febrer al 3 mar\u00e7 2013.<\/p>\n<\/div>\n<p>El Mundial de <strong>F\u00f3rmula 1<\/strong> ja est\u00e0 escalfant motors i posar\u00e0 a prova totes les novetats motores i tecnol\u00f2giques en els pr\u00f2xims <strong>Formula One Test Days<\/strong> que se celebraran a <strong>Montmel\u00f3<\/strong>, al <strong>Circuit de Catalunya<\/strong>, del 19 al 22 de Febrer i del 28 de febrer al 3 mar\u00e7 2013.<\/p>\n<p><img style=\"width: 644px; height: 351px;\" src=\"http:\/\/www.hotelpaseodegracia.es\/webnova\/wp-content\/uploads\/Montmelo-Formula-1-hotel-barcelona.jpg\" alt=\"Formula1 Montmel\u00f3 - Hotel al centre de Barcelona\" \/><\/p>\n<p>El <strong>Circuit de Catalunya<\/strong>, tamb\u00e9 conegut com Circuit de <strong>Montmel\u00f3<\/strong>, \u00e9s un dels circuits favorits del mundial de <strong>f\u00f3rmula 1<\/strong>, ja que \u00e9s l&#8217;\u00fanic que acull tant algunes de les sessions d&#8217;entrenament, els <strong>Formula 1 Test Days<\/strong>, com un Grand Prix.<\/p>\n<p>Els<strong> Formula 1 Test Days<\/strong> s\u00f3n jornades d&#8217;entrenament que els diferents equips utilitzen per posar a prova els canvis realitzats durant els mesos d&#8217;aturada del mundial de<strong> Formula 1<\/strong>.<\/p>\n<h2>Gaudiu del Formula 1 i de Barcelona al nostre hotel<\/h2>\n<p>Una de les principals novetats que doten d&#8217;import\u00e0ncia aquests <strong>F1 Test Days<\/strong> s\u00f3n els canvis en els pneum\u00e0tics de Pirelli. El compost m\u00e9s dur asseguren que s&#8217;escalfar\u00e0 abans i per aix\u00f2 permetr\u00e0 majors velocitats, encara que com les difer\u00e8ncies entre els compostos seran majors, l&#8217;estrat\u00e8gia de pneum\u00e0tics tindr\u00e0 encara m\u00e9s import\u00e0ncia.<\/p>\n<p>A nivell d&#8217;equips, Red Bull, Ferrari i Lotus mantenen als seus pilots (Red Bull: Sebastian Vetter i Mark Webber, Ferrari: Fernando Alonso i Felipe Massa, Lotus: Kimi R\u00e4ikk\u00f6nen i Romain Grosjean) bo i destacant la retirada definitiva de Michael Schumacher de les carreres de Formula 1 que ha deixat el seu lloc a Mercedes Lewis Hamilton i el fitxatge de Sergio P\u00e9rez per a McLaren.<\/p>\n<h2>Busca un hotel per veure el Formula 1 a Barcelona?<\/h2>\n<p>Els entrenaments del <strong>Formula 1 Test Days<\/strong> se celebraran entre el 19 i 22 de febrer, i tamb\u00e9 del 28 de febrer al 3 de mar\u00e7 d&#8217;aquest any al Circuit de <strong>Montmel\u00f3<\/strong>. Ja queda poc, doncs, per veure els millors conductors del m\u00f3n provant les joies amb les que competiran durant aquest any al Mundial de <strong>Formula 1<\/strong>.<\/p>\n<p>Si voleu veure els entrenaments de <strong>Formula 1<\/strong>, que pel preu de l&#8217;entrada s\u00f3n una bona oportunitat per veure els pilots, poden aprofitar i visitar Barcelona allotjant-vos a l&#8217;Hotel Paseo de Gracia, un <a title=\"hotel econ\u00f2mic centre barcelona\" href=\"http:\/\/www.hotelpaseodegracia.es\/webnova\/?p=1936\">hotel econ\u00f2mic al cetre de Barcelona<\/a>.<\/p>\n<p>Comprar entrades: <a href=\"http:\/\/www.circuitcat.com\" target=\"_blank\">Circuit de Catalunya<\/a><br \/>\nTota la informaci\u00f3 sobre el <a href=\"http:\/\/www.formula1.com\" target=\"_blank\">Mundial de F1<\/a><\/p>\n<p>&nbsp;<\/p>\n<p>Tornar a <a href=\"http:\/\/www.hotelpaseodegracia.es\/webnova\/?p=2091\">Agenda Barcelona<\/a><\/p>\n<p>Reservar una habitaci\u00f3 a <a href=\"https:\/\/reservations.verticalbooking.com\/reservations\/index.html?lingua_int=cat&amp;id_stile=13265&amp;id_albergo=17502&amp;dc=4515\" target=\"_blank\">Hotel Passeig de Gr\u00e0cia *<\/a> o a <a title=\"Hotel boutique a Barcelona\" href=\"http:\/\/www.hotelactual.com\" target=\"_blank\">Hotel Actual ***<\/a><\/p>\n<p>&nbsp;<\/p>\n","protected":false},"excerpt":{"rendered":"<p>Titular: Formula 1 Test Days Lugar evento: Circuit Catalunya, Montmel\u00f3 Fecha evento: 19-22 Feb i 28 Feb-3 Mar\u00e7 2013 Evento desc breve: El Mundial de F\u00f3rmula 1 ja est\u00e0 escalfant motors i posar\u00e0 a prova totes les novetats motores i tecnol\u00f2giques en els pr\u00f2xims Formula One Test Days que se celebraran a Montmel\u00f3, al Circuit [&hellip;]<\/p>\n","protected":false},"author":43774,"featured_media":2286,"comment_status":"open","ping_status":"open","sticky":false,"template":"","format":"standard","meta":[],"categories":[23],"tags":[],"_links":{"self":[{"href":"https:\/\/www.hotelpaseodegracia.es\/ca\/wp-json\/wp\/v2\/posts\/2056"}],"collection":[{"href":"https:\/\/www.hotelpaseodegracia.es\/ca\/wp-json\/wp\/v2\/posts"}],"about":[{"href":"https:\/\/www.hotelpaseodegracia.es\/ca\/wp-json\/wp\/v2\/types\/post"}],"author":[{"embeddable":true,"href":"https:\/\/www.hotelpaseodegracia.es\/ca\/wp-json\/wp\/v2\/users\/43774"}],"replies":[{"embeddable":true,"href":"https:\/\/www.hotelpaseodegracia.es\/ca\/wp-json\/wp\/v2\/comments?post=2056"}],"version-history":[{"count":2,"href":"https:\/\/www.hotelpaseodegracia.es\/ca\/wp-json\/wp\/v2\/posts\/2056\/revisions"}],"predecessor-version":[{"id":4531,"href":"https:\/\/www.hotelpaseodegracia.es\/ca\/wp-json\/wp\/v2\/posts\/2056\/revisions\/4531"}],"wp:featuredmedia":[{"embeddable":true,"href":"https:\/\/www.hotelpaseodegracia.es\/ca\/wp-json\/wp\/v2\/media\/2286"}],"wp:attachment":[{"href":"https:\/\/www.hotelpaseodegracia.es\/ca\/wp-json\/wp\/v2\/media?parent=2056"}],"wp:term":[{"taxonomy":"category","embeddable":true,"href":"https:\/\/www.hotelpaseodegracia.es\/ca\/wp-json\/wp\/v2\/categories?post=2056"},{"taxonomy":"post_tag","embeddable":true,"href":"https:\/\/www.hotelpaseodegracia.es\/ca\/wp-json\/wp\/v2\/tags?post=2056"}],"curies":[{"name":"wp","href":"https:\/\/api.w.org\/{rel}","templated":true}]}}