{"id":2042,"date":"2012-09-17T09:30:15","date_gmt":"2012-09-17T09:30:15","guid":{"rendered":""},"modified":"2017-09-27T14:08:12","modified_gmt":"2017-09-27T14:08:12","slug":"festes-de-la-merce-la-gran-festa-de-barcelona","status":"publish","type":"post","link":"https:\/\/www.hotelpaseodegracia.es\/ca\/festes-de-la-merce-la-gran-festa-de-barcelona\/","title":{"rendered":"Festes de la Merc\u00e8, la gran festa de Barcelona"},"content":{"rendered":"<div class=\"field_titular_evento\">\n<div><b>Titular:<\/b><\/div>\n<p>Festes de la Merc\u00e8, la gran festa de Barcelona<\/p>\n<\/div>\n<div class=\"field_lugar_evento\">\n<div><b>Lugar evento:<\/b><\/div>\n<p>Barcelona<\/p>\n<\/div>\n<div class=\"field_fecha_evento\">\n<div><b>Fecha evento:<\/b><\/div>\n<p>21-24 Setembre 2012<\/p>\n<\/div>\n<div class=\"field_descbreve_evento\">\n<div><b>Evento desc breve:<\/b><\/div>\n<div class=\"field text field-descevento\">\n<div class=\"item odd\">\n<p>Arriben les festes populars m\u00e9s esperades de <strong>Barcelona<\/strong>, les <strong>festes de la Merc\u00e8<\/strong>, que \u00e9s la patrona de <strong>Barcelona<\/strong>.<\/p>\n<\/div>\n<\/div>\n<\/div>\n<p><img style=\"width: 650px; height: 350px;\" title=\"La Merc\u00e8 2012 - Hotel econ\u00f2mic al centre de Barcelona\" src=\"http:\/\/www.hotelpaseodegracia.es\/webnova\/wp-content\/uploads\/hotel-centro-barcelona-festes-merce-2012-01.png\" alt=\"La Merc\u00e8 2012 - Hotel econ\u00f2mic al centre de Barcelona\" \/><\/p>\n<p>A partir del dia 21 de Setembre <strong>Barcelona <\/strong>\u00e9s una gran festa durant diversos dies i s&#8217;omple d&#8217;una bonica diversitat d&#8217;activitats per a totes les edats per celebrar les <strong>festes de la Merc\u00e8<\/strong>. Concerts, espectacles de carrer, teatre, tallers, castellers (les conegudes &#8220;torres humanes&#8221;, reconegudes com a Patrimoni Immaterial de la Humanitat per la Unesco), sardanes, gegants, correfoc, cinema a la fresca &#8230;<\/p>\n<h2>Festes de la Merc\u00e8 de Barcelona: tradici\u00f3, m\u00fasica, diversi\u00f3 i molt m\u00e9s<\/h2>\n<p>Seguint la tradici\u00f3, les <strong>Festes de la Merc\u00e8<\/strong> comptaran amb la desfilada de Gegants i Capgrossos, danses tradicionals, etc. i, com no, el Correfoc, una de les celebracions m\u00e9s espectaculars que consisteix en una desfilada de dracs i dimonis que desprenen bengales i focs artificials.<\/p>\n<p><img style=\"width: 600px; height: 400px;\" title=\"La Merc\u00e8 2012 - Hotel econ\u00f2mic al centre de Barcelona\" src=\"http:\/\/www.hotelpaseodegracia.es\/webnova\/wp-content\/uploads\/hotel-centro-barcelona-festes-merce-2012.jpg\" alt=\"Festes de la Merc\u00e8 2012 - Hotel econ\u00f2mic al centre deBarcelona\" \/><\/p>\n<p>Fora del merament tradicional, les <strong>Festes de la Merc\u00e8<\/strong> tamb\u00e9 estan plenes de moltes altres activitats tant per grans com per petits distribu\u00efdes per diferents espais de <strong>Barcelona<\/strong>. Algunes de les m\u00e9s destacades son l&#8217;espectacle multim\u00e8dia a la Sagrada Fam\u00edlia que tindr\u00e0 lloc el primer dia, el 21, i el gran piromusical amb el Museu Nacional d&#8217;Art de Catalunya de fons que tancar\u00e0 les celebracions el dia 24.<\/p>\n<p>Tota la programaci\u00f3 la trobareu al<a title=\"web de la merc\u00e8\" href=\"http:\/\/merce.bcn.cat\/es\" target=\"_blank\"> web de la Merc\u00e8<\/a>.<\/p>\n<h2>Hotel per les festes de la Merc\u00e8<\/h2>\n<p>Si busquen un lloc on allotjar-se per les <strong>festes de la Merc\u00e8<\/strong>, poden fer-ho a l\u2019<strong>Hotel <\/strong><strong>Paseo de Gracia<\/strong>, un <a title=\"hotel econ\u00f2mic al centre de Barcelona\" href=\"\/\" target=\"_blank\">hotel econ\u00f2mic al centre de Barcelona<\/a> o b\u00e9 a <strong>Hotel <\/strong><strong>Actual<\/strong> que \u00e9s l&#8217;\u00fanic <a title=\"hotel de 3 estrelles al passeig de gr\u00e0cia\" href=\"http:\/\/www.hotelactual.com\/\">hotel de 3 estrelles del Passeig de Gr\u00e0cia<\/a> .<\/p>\n<p>&nbsp;<\/p>\n<p>Tornar a <a href=\"http:\/\/www.hotelpaseodegracia.es\/webnova\/?p=2091\">Agenda Barcelona<\/a><\/p>\n<p>&nbsp;<\/p>\n","protected":false},"excerpt":{"rendered":"<p>Titular: Festes de la Merc\u00e8, la gran festa de Barcelona Lugar evento: Barcelona Fecha evento: 21-24 Setembre 2012 Evento desc breve: Arriben les festes populars m\u00e9s esperades de Barcelona, les festes de la Merc\u00e8, que \u00e9s la patrona de Barcelona. A partir del dia 21 de Setembre Barcelona \u00e9s una gran festa durant diversos dies [&hellip;]<\/p>\n","protected":false},"author":43774,"featured_media":2262,"comment_status":"open","ping_status":"open","sticky":false,"template":"","format":"standard","meta":[],"categories":[23],"tags":[],"_links":{"self":[{"href":"https:\/\/www.hotelpaseodegracia.es\/ca\/wp-json\/wp\/v2\/posts\/2042"}],"collection":[{"href":"https:\/\/www.hotelpaseodegracia.es\/ca\/wp-json\/wp\/v2\/posts"}],"about":[{"href":"https:\/\/www.hotelpaseodegracia.es\/ca\/wp-json\/wp\/v2\/types\/post"}],"author":[{"embeddable":true,"href":"https:\/\/www.hotelpaseodegracia.es\/ca\/wp-json\/wp\/v2\/users\/43774"}],"replies":[{"embeddable":true,"href":"https:\/\/www.hotelpaseodegracia.es\/ca\/wp-json\/wp\/v2\/comments?post=2042"}],"version-history":[{"count":3,"href":"https:\/\/www.hotelpaseodegracia.es\/ca\/wp-json\/wp\/v2\/posts\/2042\/revisions"}],"predecessor-version":[{"id":4534,"href":"https:\/\/www.hotelpaseodegracia.es\/ca\/wp-json\/wp\/v2\/posts\/2042\/revisions\/4534"}],"wp:featuredmedia":[{"embeddable":true,"href":"https:\/\/www.hotelpaseodegracia.es\/ca\/wp-json\/wp\/v2\/media\/2262"}],"wp:attachment":[{"href":"https:\/\/www.hotelpaseodegracia.es\/ca\/wp-json\/wp\/v2\/media?parent=2042"}],"wp:term":[{"taxonomy":"category","embeddable":true,"href":"https:\/\/www.hotelpaseodegracia.es\/ca\/wp-json\/wp\/v2\/categories?post=2042"},{"taxonomy":"post_tag","embeddable":true,"href":"https:\/\/www.hotelpaseodegracia.es\/ca\/wp-json\/wp\/v2\/tags?post=2042"}],"curies":[{"name":"wp","href":"https:\/\/api.w.org\/{rel}","templated":true}]}}