{"id":2009,"date":"2011-06-27T09:59:02","date_gmt":"2011-06-27T09:59:02","guid":{"rendered":""},"modified":"2016-07-19T12:21:55","modified_gmt":"2016-07-19T12:21:55","slug":"barcelona-harley-days-2011","status":"publish","type":"post","link":"https:\/\/www.hotelpaseodegracia.es\/ca\/barcelona-harley-days-2011\/","title":{"rendered":"Barcelona Harley Days 2011"},"content":{"rendered":"<div class=\"field_titular_evento\">\n<div><b>Titular:<\/b><\/div>\n<p>Barcelona Harley Days<\/p>\n<\/div>\n<div class=\"field_lugar_evento\">\n<div><b>Lugar evento:<\/b><\/div>\n<p>Fira Barcelona<\/p>\n<\/div>\n<div class=\"field_fecha_evento\">\n<div><b>Fecha evento:<\/b><\/div>\n<p>8-10 Julio 2011<\/p>\n<\/div>\n<div class=\"field_descbreve_evento\">\n<div><b>Evento desc breve:<\/b><\/div>\n<p>Del 8 al 10 de Julio <strong>Barcelona <\/strong>se llenar\u00e1 otra vez de las famosas Harley Davidson y sus propietarios pasear\u00e1n este caracter\u00edstico <em>lifestyle<\/em> por toda la ciudad.<\/p>\n<\/div>\n<p>Del 8 al 10 de Julio <strong>Barcelona <\/strong>se llenar\u00e1 otra vez de las famosas Harley Davidson y sus propietarios pasear\u00e1n este caracter\u00edstico lifestyle por toda la ciudad. El <strong>Barcelona <\/strong>Harley Days es el mayor evento urbano de esta marca en toda Europa. Durar\u00e1 tres d\u00edas durante los cuales se podr\u00e1n ver demostraciones, exposiciones de motos tanto de los modelos m\u00e1s cl\u00e1sicos como de ejemplares customizados, as\u00ed como participar en todo tipo de actividades como conciertos, rutas guiadas para moteros con Harley por <strong>Barcelona <\/strong>y sus alrededores, o compartir trucos y conocimientos en la carpa \u201cExperience\u201d. Incluso los m\u00e1s peque\u00f1os dispondr\u00e1n de un espacio propio con actividades pensadas espec\u00edficamente para ellos.<br \/>\n\u00a1La entrada es gratis!<\/p>\n<p><img style=\"width: 600px;\" src=\"http:\/\/www.hotelpaseodegracia.es\/webnova\/wp-content\/uploads\/barcelona-harley-days-desfile-banderas-hotel.jpg\" alt=\"Barcelona Harley Days - Desfile de Banderas - Hotel Paseo de Gracia\" \/><br \/>\n<img style=\"width: 600px; height: 195px;\" src=\"http:\/\/www.hotelpaseodegracia.es\/webnova\/wp-content\/uploads\/barcelona-harley-days-demostracion-hotel.jpg\" alt=\"Barcelona Harley Days - Demostraci\u00f3n - Hotel Paseo de Gracia\" \/><\/p>\n<p>Encontrar\u00e9is toda la informaci\u00f3n en la web oficial del <a href=\"http:\/\/www.barcelonaharleydays.com\" target=\"_blank\">Barcelona Harley Days<\/a>.<\/p>\n<p>Si est\u00e1is buscando alojamiento para asistir a este evento, <strong>Hotel Paseo de Gracia<\/strong> es una opci\u00f3n muy econ\u00f3mica. Si prefer\u00eds un hotel de categor\u00eda superior, pod\u00e9is visitar <a href=\"http:\/\/www.hotelactual.com\" target=\"_blank\">Hotel Actual***<\/a>.<br \/>\n<a href=\"http:\/\/www.hotelpaseodegracia.es\/webnova\/?p=2091\">Volver a Agenda<\/a><\/p>\n","protected":false},"excerpt":{"rendered":"<p>Titular: Barcelona Harley Days Lugar evento: Fira Barcelona Fecha evento: 8-10 Julio 2011 Evento desc breve: Del 8 al 10 de Julio Barcelona se llenar\u00e1 otra vez de las famosas Harley Davidson y sus propietarios pasear\u00e1n este caracter\u00edstico lifestyle por toda la ciudad. Del 8 al 10 de Julio Barcelona se llenar\u00e1 otra vez de [&hellip;]<\/p>\n","protected":false},"author":43774,"featured_media":2191,"comment_status":"open","ping_status":"open","sticky":false,"template":"","format":"standard","meta":[],"categories":[23],"tags":[],"_links":{"self":[{"href":"https:\/\/www.hotelpaseodegracia.es\/ca\/wp-json\/wp\/v2\/posts\/2009"}],"collection":[{"href":"https:\/\/www.hotelpaseodegracia.es\/ca\/wp-json\/wp\/v2\/posts"}],"about":[{"href":"https:\/\/www.hotelpaseodegracia.es\/ca\/wp-json\/wp\/v2\/types\/post"}],"author":[{"embeddable":true,"href":"https:\/\/www.hotelpaseodegracia.es\/ca\/wp-json\/wp\/v2\/users\/43774"}],"replies":[{"embeddable":true,"href":"https:\/\/www.hotelpaseodegracia.es\/ca\/wp-json\/wp\/v2\/comments?post=2009"}],"version-history":[{"count":1,"href":"https:\/\/www.hotelpaseodegracia.es\/ca\/wp-json\/wp\/v2\/posts\/2009\/revisions"}],"predecessor-version":[{"id":3007,"href":"https:\/\/www.hotelpaseodegracia.es\/ca\/wp-json\/wp\/v2\/posts\/2009\/revisions\/3007"}],"wp:featuredmedia":[{"embeddable":true,"href":"https:\/\/www.hotelpaseodegracia.es\/ca\/wp-json\/wp\/v2\/media\/2191"}],"wp:attachment":[{"href":"https:\/\/www.hotelpaseodegracia.es\/ca\/wp-json\/wp\/v2\/media?parent=2009"}],"wp:term":[{"taxonomy":"category","embeddable":true,"href":"https:\/\/www.hotelpaseodegracia.es\/ca\/wp-json\/wp\/v2\/categories?post=2009"},{"taxonomy":"post_tag","embeddable":true,"href":"https:\/\/www.hotelpaseodegracia.es\/ca\/wp-json\/wp\/v2\/tags?post=2009"}],"curies":[{"name":"wp","href":"https:\/\/api.w.org\/{rel}","templated":true}]}}