{"id":2004,"date":"2011-03-30T10:10:42","date_gmt":"2011-03-30T10:10:42","guid":{"rendered":""},"modified":"2016-07-19T12:22:11","modified_gmt":"2016-07-19T12:22:11","slug":"roses-i-llibres-inunden-barcelona-per-sant-jordi","status":"publish","type":"post","link":"https:\/\/www.hotelpaseodegracia.es\/ca\/roses-i-llibres-inunden-barcelona-per-sant-jordi\/","title":{"rendered":"Roses i llibres inunden Barcelona per Sant Jordi"},"content":{"rendered":"<div class=\"field_titular_evento\">\n<div><b>Titular:<\/b><\/div>\n<p>Roses i llibres inunden Barcelona per Sant Jordi<\/p>\n<\/div>\n<div class=\"field_enlace\">\n<div><b>Enlace:<\/b><\/div>\n<p>dia-de-sant-jordi<\/p>\n<\/div>\n<div class=\"field_lugar_evento\">\n<div><b>Lugar evento:<\/b><\/div>\n<p>Barcelona<\/p>\n<\/div>\n<div class=\"field_fecha_evento\">\n<div><b>Fecha evento:<\/b><\/div>\n<p>23 Abril 2011<\/p>\n<\/div>\n<p>El 23 d&#8217;Abril \u00e9s la diada de <strong>Sant Jordi<\/strong>, patr\u00f3 de Catalunya. Tot i que no \u00e9s un dia festiu, els carrers de Catalunya i sobretot de <strong>Barcelona <\/strong>s&#8217;omplen de gent que surt a buscar llibres, comprar roses, i gaudir d&#8217;aquesta festa tan caracter\u00edstica i tradicional dels catalans.<\/p>\n<p><img style=\"width: 200px; height: 362px; margin: 5px 10px; float: left;\" src=\"http:\/\/www.hotelpaseodegracia.es\/webnova\/wp-content\/uploads\/sant-jordi-retablo.jpg\" alt=\"Foto: Sant Jordi i el Drac. Retaule a l'Ajuntament de Lleida. De Jaume Ferrer II (s. XV). Foto de gencat.cat \" \/>Segons les dades hist\u00f2riques, <strong>Sant Jordi<\/strong> va ser un militar rom\u00e0 que va n\u00e9ixer a la Capad\u00f2cia (Turquia) el segle III i que va servir sota les ordres de Diocleci\u00e0. Es va convertir en Sant perqu\u00e8 es va negar a complir els desitjos de l&#8217;Emperador que l&#8217;obligaven a perseguir els cristians, motiu pel qual va ser martiritzat i decapitat el 23 d&#8217;abril de l&#8217;any 303.<\/p>\n<p>Per\u00f2 el que m\u00e9s es coneix de <strong>Sant Jordi<\/strong>, \u00e9s la seva llegenda. Aquesta narra que als voltants de Montblanc -per cert val la pena visitar aquesta ciutat que conserva un gran patrimoni arquitect\u00f2nic medieval- hi havia un drac que tenia a tot el m\u00f3n aterrit. Per a calmar-lo, cada dia havien de lliurar-li un ciutad\u00e0, fins que un dia li va tocar a la filla del Rei. Va ser aleshores quan va arribar <strong>Sant Jord<\/strong>i, que va lluitar contra el drac muntat en el seu cavall blanc. Va aconseguir clavar l&#8217;espasa al cor del drac i aix\u00ed salvar la bella princesa-i tamb\u00e9 alliberar a tot el poble-. Afegeix la llegenda que del punt on es va vessar la sang de l&#8217;animal, va brollar un roser de roses vermelles.<\/p>\n<p>\u00c9s per aix\u00f2 que actualment, <strong>Sant Jordi<\/strong> s&#8217;ha convertit en el dia dels enamorats dels catalans, i els homes regalen roses a les dones (a mares, esposes, germanes i filles, i fins i tot hi ha alguns caps que en donen a les seves empleades).<br \/>\nPer\u00f2 el 23 d&#8217;Abril \u00e9s tamb\u00e9 el dia internacional del llibre (declarat per la UNESCO el 1996) i les llibreries munten paradetes als carrers oferint un 10% de descompte. Els escriptors aprofiten per promocionar els seus escrits i se&#8217;ls pot veure signant i dedicant-los a les diferents paradetes.<\/p>\n<p>A <strong>Barcelona<\/strong>, les parades es centren al <strong>Passeig de Gr\u00e0cia<\/strong>, Rambla Catalunya i Pla\u00e7a Catalunya. Per aix\u00f2, si esteu pensant en venir a <strong>Barcelona <\/strong>per gaudir d&#8217;aquesta festa, l&#8217;<strong>Hotel Passeig de Gr\u00e0cia<\/strong> \u00e9s l&#8217;hotel ideal: c\u00e8ntric i moooolt econ\u00f2mic. Si busqueu un hotel de categoria superior: <a href=\"http:\/\/www.hotelactual.com\">Hotel Actual<\/a>.<\/p>\n<p><img style=\"width: 200px; height: 133px;\" src=\"http:\/\/www.hotelpaseodegracia.es\/webnova\/wp-content\/uploads\/Sant-Jordi-libros.jpg\" alt=\"Foto: Parada de llibres. Foto de optaporbarcelona.turiblogs.com \" \/>\u00a0 <img style=\"width: 200px; height: 150px;\" src=\"http:\/\/www.hotelpaseodegracia.es\/webnova\/wp-content\/uploads\/sant-jordi-rosas.jpg\" alt=\"Foto: Parada de roses. Foto de locabarcelona.com \" \/><\/p>\n<p>Ah, i a tots els Jordis, Jorges, Georges, Georgines i Jordina, felicitats!<\/p>\n<p><em>Fonts<\/em>: gencat.cat<\/p>\n","protected":false},"excerpt":{"rendered":"<p>Titular: Roses i llibres inunden Barcelona per Sant Jordi Enlace: dia-de-sant-jordi Lugar evento: Barcelona Fecha evento: 23 Abril 2011 El 23 d&#8217;Abril \u00e9s la diada de Sant Jordi, patr\u00f3 de Catalunya. Tot i que no \u00e9s un dia festiu, els carrers de Catalunya i sobretot de Barcelona s&#8217;omplen de gent que surt a buscar llibres, [&hellip;]<\/p>\n","protected":false},"author":43774,"featured_media":2873,"comment_status":"open","ping_status":"open","sticky":false,"template":"","format":"standard","meta":[],"categories":[23],"tags":[],"_links":{"self":[{"href":"https:\/\/www.hotelpaseodegracia.es\/ca\/wp-json\/wp\/v2\/posts\/2004"}],"collection":[{"href":"https:\/\/www.hotelpaseodegracia.es\/ca\/wp-json\/wp\/v2\/posts"}],"about":[{"href":"https:\/\/www.hotelpaseodegracia.es\/ca\/wp-json\/wp\/v2\/types\/post"}],"author":[{"embeddable":true,"href":"https:\/\/www.hotelpaseodegracia.es\/ca\/wp-json\/wp\/v2\/users\/43774"}],"replies":[{"embeddable":true,"href":"https:\/\/www.hotelpaseodegracia.es\/ca\/wp-json\/wp\/v2\/comments?post=2004"}],"version-history":[{"count":1,"href":"https:\/\/www.hotelpaseodegracia.es\/ca\/wp-json\/wp\/v2\/posts\/2004\/revisions"}],"predecessor-version":[{"id":3637,"href":"https:\/\/www.hotelpaseodegracia.es\/ca\/wp-json\/wp\/v2\/posts\/2004\/revisions\/3637"}],"wp:featuredmedia":[{"embeddable":true,"href":"https:\/\/www.hotelpaseodegracia.es\/ca\/wp-json\/wp\/v2\/media\/2873"}],"wp:attachment":[{"href":"https:\/\/www.hotelpaseodegracia.es\/ca\/wp-json\/wp\/v2\/media?parent=2004"}],"wp:term":[{"taxonomy":"category","embeddable":true,"href":"https:\/\/www.hotelpaseodegracia.es\/ca\/wp-json\/wp\/v2\/categories?post=2004"},{"taxonomy":"post_tag","embeddable":true,"href":"https:\/\/www.hotelpaseodegracia.es\/ca\/wp-json\/wp\/v2\/tags?post=2004"}],"curies":[{"name":"wp","href":"https:\/\/api.w.org\/{rel}","templated":true}]}}