{"id":2001,"date":"2011-06-22T11:54:35","date_gmt":"2011-06-22T11:54:35","guid":{"rendered":""},"modified":"2016-07-19T12:22:06","modified_gmt":"2016-07-19T12:22:06","slug":"donem-la-benvinguda-a-lestiu-amb-la-revetlla-de-sant-joan","status":"publish","type":"post","link":"https:\/\/www.hotelpaseodegracia.es\/ca\/donem-la-benvinguda-a-lestiu-amb-la-revetlla-de-sant-joan\/","title":{"rendered":"Donem la benvinguda a l&#8217;estiu amb la revetlla de Sant Joan"},"content":{"rendered":"<div class=\"field_titular_evento\">\n<div><b>Titular:<\/b><\/div>\n<p>Donem la benvinguda a l&#8217;estiu amb la revetlla de Sant Joan<\/p>\n<\/div>\n<div class=\"field_lugar_evento\">\n<div><b>Lugar evento:<\/b><\/div>\n<p>Barcelona<\/p>\n<\/div>\n<div class=\"field_fecha_evento\">\n<div><b>Fecha evento:<\/b><\/div>\n<p>23 Juny<\/p>\n<\/div>\n<div class=\"field_descbreve_evento\">\n<div><b>Evento desc breve:<\/b><\/div>\n<p><span title=\"San Juan es una noche m\u00e1gica y muy especial en Barcelona.\">Sant Joan \u00e9s una nit m\u00e0gica i molt especial a Barcelona. <\/span>Se celebra el 23 de juny, que \u00e9s la nit m\u00e9s curta de l&#8217;any, i es d\u00f3na la benvinguda a l&#8217;estiu.<\/p>\n<\/div>\n<p><span title=\"San Juan es una noche m\u00e1gica y muy especial en Barcelona.\"><strong>Sant Joan<\/strong> \u00e9s una nit m\u00e0gica i molt especial a <strong>Barcelona<\/strong>. <\/span>Se celebra el 23 de juny, que \u00e9s la nit m\u00e9s curta de l&#8217;any, i es d\u00f3na la benvinguda a l&#8217;estiu. <span title=\"Las calles se llenan de fiestas, bailes, cenas al aire libre, hogueras, fuegos artificiales y muchos petardos.\">Els carrers s&#8217;omplen de festes, balls, sopars a l&#8217;aire lliure, fogueres, focs artificials i molts petards. <\/span><span title=\"Las playas de la ciudad son de los sitios m\u00e1s concurridos esta noche ya que ofrece una buena vista de los fuegos artificiales que iluminan la noche.\">Les platges de la ciutat s\u00f3n dels llocs m\u00e9s concorreguts aquesta nit ja que ofereixen una bona vista dels focs artificials que il\u00b7luminen la nit. <\/span><\/p>\n<p><img style=\"width: 200px; height: 150px; margin: 5px; border-width: 2px; border-style: solid; float: left;\" src=\"http:\/\/www.hotelpaseodegracia.es\/webnova\/wp-content\/uploads\/hotel-barcelona-sant-joan.jpg\" alt=\"Celebraci\u00f3 de Sant Joan a la platja de Barcelona - Hotel Paseo de Gracia\" \/><span title=\"Es tradicional comer Coca de Sant Joan, un delicioso postre con crema, pi\u00f1ones y fruta confitada.\">\u00c9s tradicional menjar Coca de <strong>Sant Joan<\/strong>, unes delicioses postres amb crema, pinyons i fruita confitada. <\/span><span title=\"Durante estos d\u00edas se pueden encargar y comprar en todas las panader\u00edas y pasteler\u00edas, pero si os gusta la cocina, pod\u00e9is encontrar distintas recetas en los siguientes links:\">Durant aquests dies es poden encarregar i comprar a tots els forns i pastisseries, per\u00f2 si us agrada la cuina, podeu trobar diferents receptes en els seg\u00fcents links: <\/span><br \/>\n<a href=\"http:\/\/www.bcn.cat\/santjoan\/ca\/recepta-llardons.html\" target=\"_blank\">Receptes de l&#8217;Ajuntament de Barcelona<\/a><br \/>\n<a href=\"http:\/\/www.cuina.cat\/ca\/fitxa-recepta.php?IDRC=16 \" target=\"_blank\">Cuina.cat<\/a><\/p>\n<p>&nbsp;<\/p>\n<p><span title=\"En la web del Ayuntamiento de Barcelona podr\u00e9is encontrar todas las fiestas populares que se han organizado:\">A la web de l&#8217;Ajuntament de <strong>Barcelona <\/strong>podreu trobar totes les festes populars que s&#8217;han organitzat: <\/span><br \/>\n<a href=\"http:\/\/www.bcn.cat\/santjoan\/ca\/welcome.html \" target=\"_blank\">Festes de Sant Joan a Barcelona<\/a><\/p>\n<p><span title=\"Desde Hotel Paseo de Gracia queremos recomendar precauci\u00f3n sobretodo con el fuego, los petardos y los excesos, para que esta bonita noche se convierta en un buen recuerdo.\">Des de l\u2019<strong>Hotel Paseo de Gracia<\/strong> volem recomanar precauci\u00f3 sobretot amb el foc, els petards i els excessos, per a que aquesta bonica nit es converteixi en un bon record. <\/span><span title=\"\u00a1Feliz verbena y feliz d\u00eda de San Juan!\">Feli\u00e7 revetlla i feli\u00e7 dia de <strong>Sant Joan<\/strong>!<\/span><\/p>\n<p><a href=\"http:\/\/www.hotelpaseodegracia.es\/webnova\/?p=1953\"> Tornar a Agenda <!-- a--><\/a><\/p>\n","protected":false},"excerpt":{"rendered":"<p>Titular: Donem la benvinguda a l&#8217;estiu amb la revetlla de Sant Joan Lugar evento: Barcelona Fecha evento: 23 Juny Evento desc breve: Sant Joan \u00e9s una nit m\u00e0gica i molt especial a Barcelona. Se celebra el 23 de juny, que \u00e9s la nit m\u00e9s curta de l&#8217;any, i es d\u00f3na la benvinguda a l&#8217;estiu. Sant [&hellip;]<\/p>\n","protected":false},"author":43774,"featured_media":2188,"comment_status":"open","ping_status":"open","sticky":false,"template":"","format":"standard","meta":[],"categories":[23],"tags":[],"_links":{"self":[{"href":"https:\/\/www.hotelpaseodegracia.es\/ca\/wp-json\/wp\/v2\/posts\/2001"}],"collection":[{"href":"https:\/\/www.hotelpaseodegracia.es\/ca\/wp-json\/wp\/v2\/posts"}],"about":[{"href":"https:\/\/www.hotelpaseodegracia.es\/ca\/wp-json\/wp\/v2\/types\/post"}],"author":[{"embeddable":true,"href":"https:\/\/www.hotelpaseodegracia.es\/ca\/wp-json\/wp\/v2\/users\/43774"}],"replies":[{"embeddable":true,"href":"https:\/\/www.hotelpaseodegracia.es\/ca\/wp-json\/wp\/v2\/comments?post=2001"}],"version-history":[{"count":1,"href":"https:\/\/www.hotelpaseodegracia.es\/ca\/wp-json\/wp\/v2\/posts\/2001\/revisions"}],"predecessor-version":[{"id":3636,"href":"https:\/\/www.hotelpaseodegracia.es\/ca\/wp-json\/wp\/v2\/posts\/2001\/revisions\/3636"}],"wp:featuredmedia":[{"embeddable":true,"href":"https:\/\/www.hotelpaseodegracia.es\/ca\/wp-json\/wp\/v2\/media\/2188"}],"wp:attachment":[{"href":"https:\/\/www.hotelpaseodegracia.es\/ca\/wp-json\/wp\/v2\/media?parent=2001"}],"wp:term":[{"taxonomy":"category","embeddable":true,"href":"https:\/\/www.hotelpaseodegracia.es\/ca\/wp-json\/wp\/v2\/categories?post=2001"},{"taxonomy":"post_tag","embeddable":true,"href":"https:\/\/www.hotelpaseodegracia.es\/ca\/wp-json\/wp\/v2\/tags?post=2001"}],"curies":[{"name":"wp","href":"https:\/\/api.w.org\/{rel}","templated":true}]}}