{"id":2000,"date":"2011-03-28T09:49:23","date_gmt":"2011-03-28T09:49:23","guid":{"rendered":""},"modified":"2016-07-19T12:16:16","modified_gmt":"2016-07-19T12:16:16","slug":"59o-trofeu-conde-de-godo-tennis-a-barcelona","status":"publish","type":"post","link":"https:\/\/www.hotelpaseodegracia.es\/ca\/59o-trofeu-conde-de-godo-tennis-a-barcelona\/","title":{"rendered":"59\u00ba Trofeu Conde de God\u00f3 &#8211; Tennis a Barcelona"},"content":{"rendered":"<div class=\"field_titular_evento\">\n<div><b>Titular:<\/b><\/div>\n<p>59\u00ba Trofeu Conde de God\u00f3 &#8211; Tennis a Barcelona<\/p>\n<\/div>\n<div class=\"field_enlace\">\n<div><b>Enlace:<\/b><\/div>\n<p>59-trofeu-conde-godo<\/p>\n<\/div>\n<div class=\"field_lugar_evento\">\n<div><b>Lugar evento:<\/b><\/div>\n<p>Reial Club Tennis Barcelona 1899<\/p>\n<\/div>\n<div class=\"field_fecha_evento\">\n<div><b>Fecha evento:<\/b><\/div>\n<p>16-24 Abril 2011<\/p>\n<\/div>\n<p><img style=\"width: 200px; height: 147px;\" src=\"http:\/\/www.hotelpaseodegracia.es\/webnova\/wp-content\/uploads\/Trofeo-Conde-Godo-Presentacion-Barcelona.jpg\" alt=\"Albert Costa, director de l'Open Banc Sabadell 59\u00e8 Trofeu Conde de God\u00f3, amb Rafa Nadal, n\u00famero 1 del tennis mundial\" \/><\/p>\n<p>S\u00f3n ja quasi 60 les edicions d&#8217;aquest popular i tradicional torneig de tennis, que ha aconseguit guanyar-se una reputaci\u00f3 dins del panorama del tennis internacional. <span title=\"Su director, Albert Costa, anunci\u00f3 y coment\u00f3 que este era \u201csin duda el mejor God\u00f3 de la historia\u201d, gracias a la participaci\u00f3n de seis jugadores que est\u00e1n dentro del Top 10 y dos m\u00e1s entre los 12 primeros:\">El seu director, Albert Costa, va anunciar i va comentar que aquest era &#8220;sens dubte el millor God\u00f3 de la hist\u00f2ria&#8221;, gr\u00e0cies a la participaci\u00f3 de sis jugadors que s\u00f3n dins el Top 10 i dos m\u00e9s entre els 12 primers: <\/span><br \/>\n<span title=\"Rafa Nadal \u2013 actualmente n\u00famero 1\">Rafa Nadal &#8211; actualment n\u00famero 1 <\/span><br \/>\n<span title=\"Soderling \u2013 4\u00ba\">Soderling &#8211; 4t<\/span><br \/>\n<span title=\"Murray \u2013 5\u00ba\">Murray \u2013 5\u00e8<\/span><br \/>\n<span title=\"Ferrer \u2013 6\u00ba\">Ferrer \u2013 6\u00e8 <\/span><br \/>\n<span title=\"Berdych \u2013 7\u00ba\">Berdych \u2013 7\u00e8 <\/span><br \/>\n<span title=\"Melzer \u2013 10\u00ba\">Melzer \u2013 10\u00e8 <\/span><br \/>\n<span title=\"Monfils \u2013 11\u00ba\">Monfils \u2013 11\u00e8 <\/span><br \/>\n<span title=\"Almagro \u2013 12\u00ba\">Almagro \u2013 12\u00e8 <\/span><br \/>\n<span title=\"Albert Costa a\u00f1adi\u00f3 que tambi\u00e9n se han inscrito j\u00f3venes promesas que ya est\u00e1n destacando como Dolgopolov, Raonic o Nishikori, as\u00ed como jugadores m\u00e1s expertos como Davydenko y Hewitt, entre muchos otros nombres conocidos.\">Albert Costa va afegir que tamb\u00e9 s&#8217;han inscrit joves promeses que ja estan destacant com Dolgopolov, Raonic o Nishikori, aix\u00ed com jugadors m\u00e9s experts com Davidenko i Hewitt, entre molts altres noms coneguts. <\/span><\/p>\n<p><span title=\"Nadal ha ganado este trofeo en 5 ocasiones y su asistencia es muy esperada ya que el a\u00f1o pasado se perdi\u00f3 la cita.\">Nadal ha guanyat aquest trofeu en 5 ocasions i la seva assist\u00e8ncia \u00e9s molt esperada ja que l&#8217;any passat es va perdre la cita. <\/span><span title=\"Fernando Verdasco, vencedor en 2010, ha decidido no participar este a\u00f1o por lo que no podr\u00e1 defender su t\u00edtulo.\">Fernando Verdasco, el vencedor del 2010, ha decidit no participar aquest any aix\u00ed que no podr\u00e0 defensar el seu t\u00edtol. <\/span><\/p>\n<p><span title=\"El \u00e9xito de participaci\u00f3n de todos estos grandes nombres del tenis es pr\u00e1cticamente \u00fanica en un torneo 500, como es el Trofeo Conde de God\u00f3, que es uno de los pocos torneos de estas caracter\u00edsticas que se juega en un Club.\">La participaci\u00f3 de tots aquests grans noms del tennis \u00e9s pr\u00e0cticament \u00fanica en un torneig 500, com \u00e9s el Trofeu Comte de God\u00f3, que \u00e9s un dels pocs tornejos d&#8217;aquestes caracter\u00edstiques que es juga en un Club. <\/span><span title=\"El evento tendr\u00e1 lugar en el Reial Club de Tennis Barcelona 1899 (C\/Bosch i Gimpera, 5-13) del 16 al 24 de Abril de 2011.\">L&#8217;esdeveniment tindr\u00e0 lloc al Reial Club de Tennis Barcelona 1899 (C \/ Bosch i Gimpera, 5-13) del 16 al 24 d&#8217;Abril de 2011. <\/span><\/p>\n<p><a href=\"http:\/\/www.barcelonaopenbancsabadell.com\/\">\u00a0P\u00e0gina oficial de l&#8217;esdeveniment<\/a><\/p>\n<p><span title=\"Fuentes: MundoDeportivo.com, BarcelonaOpenBancSabadell.com\"><em>Fonts<\/em>: MundoDeportivo.com, BarcelonaOpenBancSabadell.com<\/span><\/p>\n","protected":false},"excerpt":{"rendered":"<p>Titular: 59\u00ba Trofeu Conde de God\u00f3 &#8211; Tennis a Barcelona Enlace: 59-trofeu-conde-godo Lugar evento: Reial Club Tennis Barcelona 1899 Fecha evento: 16-24 Abril 2011 S\u00f3n ja quasi 60 les edicions d&#8217;aquest popular i tradicional torneig de tennis, que ha aconseguit guanyar-se una reputaci\u00f3 dins del panorama del tennis internacional. El seu director, Albert Costa, va [&hellip;]<\/p>\n","protected":false},"author":43774,"featured_media":2869,"comment_status":"open","ping_status":"open","sticky":false,"template":"","format":"standard","meta":[],"categories":[23],"tags":[],"_links":{"self":[{"href":"https:\/\/www.hotelpaseodegracia.es\/ca\/wp-json\/wp\/v2\/posts\/2000"}],"collection":[{"href":"https:\/\/www.hotelpaseodegracia.es\/ca\/wp-json\/wp\/v2\/posts"}],"about":[{"href":"https:\/\/www.hotelpaseodegracia.es\/ca\/wp-json\/wp\/v2\/types\/post"}],"author":[{"embeddable":true,"href":"https:\/\/www.hotelpaseodegracia.es\/ca\/wp-json\/wp\/v2\/users\/43774"}],"replies":[{"embeddable":true,"href":"https:\/\/www.hotelpaseodegracia.es\/ca\/wp-json\/wp\/v2\/comments?post=2000"}],"version-history":[{"count":1,"href":"https:\/\/www.hotelpaseodegracia.es\/ca\/wp-json\/wp\/v2\/posts\/2000\/revisions"}],"predecessor-version":[{"id":3628,"href":"https:\/\/www.hotelpaseodegracia.es\/ca\/wp-json\/wp\/v2\/posts\/2000\/revisions\/3628"}],"wp:featuredmedia":[{"embeddable":true,"href":"https:\/\/www.hotelpaseodegracia.es\/ca\/wp-json\/wp\/v2\/media\/2869"}],"wp:attachment":[{"href":"https:\/\/www.hotelpaseodegracia.es\/ca\/wp-json\/wp\/v2\/media?parent=2000"}],"wp:term":[{"taxonomy":"category","embeddable":true,"href":"https:\/\/www.hotelpaseodegracia.es\/ca\/wp-json\/wp\/v2\/categories?post=2000"},{"taxonomy":"post_tag","embeddable":true,"href":"https:\/\/www.hotelpaseodegracia.es\/ca\/wp-json\/wp\/v2\/tags?post=2000"}],"curies":[{"name":"wp","href":"https:\/\/api.w.org\/{rel}","templated":true}]}}