{"id":1984,"date":"2011-02-07T20:25:33","date_gmt":"2011-02-07T20:25:33","guid":{"rendered":""},"modified":"2016-07-19T12:16:21","modified_gmt":"2016-07-19T12:16:21","slug":"cosmobelleza-wellness-2011-a-barcelona","status":"publish","type":"post","link":"https:\/\/www.hotelpaseodegracia.es\/ca\/cosmobelleza-wellness-2011-a-barcelona\/","title":{"rendered":"Cosmobelleza &#038; Wellness 2011 a Barcelona"},"content":{"rendered":"<div class=\"field_titular_evento\">\n<div><b>Titular:<\/b><\/div>\n<p>Cosmobelleza &amp; Wellness 2011 a Barcelona<\/p>\n<\/div>\n<div class=\"field_lugar_evento\">\n<div><b>Lugar evento:<\/b><\/div>\n<p>Fira Barcelona<\/p>\n<\/div>\n<div class=\"field_fecha_evento\">\n<div><b>Fecha evento:<\/b><\/div>\n<p>Del 26 al 28 de Febrer 2011<\/p>\n<\/div>\n<p><strong>Barcelona <\/strong>obre les seves portes per acollir per 17 \u00aa vegada la fira internacional Cosmobelleza &amp; Wellness dedicada al sector de l&#8217;est\u00e8tica i el benestar a Espanya. Amb tres objectius molt clars: internacionalitzaci\u00f3, formaci\u00f3 i negoci, professionals i expositors de tot el m\u00f3n es donaran cita aqu\u00ed per ser part\u00edcips de les m\u00faltiples activitats, tallers, concursos, congressos i pon\u00e8ncies que tindran lloc durant els 3 dies que durar\u00e0 l&#8217;esdeveniment (del 26 al 28 de Febrer de 2011).<\/p>\n<p>Aquest any Cosmobelleza &amp; Wellness es tornar\u00e0 a celebrar al recinte firal de Gran Via a <strong>Barcelona<\/strong>, on la passada edici\u00f3 va ocupar una superf\u00edcie de gaireb\u00e9 10.000 metres quadrats. La convocat\u00f2ria de 2010 va acollir m\u00e9s de 300 expositors (un 30% d&#8217;ells internacionals), i m\u00e9s de 80.000 professionals.<\/p>\n<p>Si busqueu un <strong>allotjament barat i c\u00e8ntric<\/strong> durant aquestes dates, <strong>Hotel Passeig de Gr\u00e0cia <\/strong>\u00e9s ideal per la seva ubicaci\u00f3 privilegiada al <strong>centre de Barcelona<\/strong> i els seus preus s\u00faper econ\u00f2mics. Per a un <strong>hotel <\/strong>de categoria superior, podeu veure <a href=\"http:\/\/www.hotelactual.com\">Hotel Actual<\/a>, un c\u00f2mode i econ\u00f2mic<strong> hotel boutique<\/strong> al Passeig de Gr\u00e0cia.<\/p>\n","protected":false},"excerpt":{"rendered":"<p>Titular: Cosmobelleza &amp; Wellness 2011 a Barcelona Lugar evento: Fira Barcelona Fecha evento: Del 26 al 28 de Febrer 2011 Barcelona obre les seves portes per acollir per 17 \u00aa vegada la fira internacional Cosmobelleza &amp; Wellness dedicada al sector de l&#8217;est\u00e8tica i el benestar a Espanya. Amb tres objectius molt clars: internacionalitzaci\u00f3, formaci\u00f3 i [&hellip;]<\/p>\n","protected":false},"author":43774,"featured_media":0,"comment_status":"open","ping_status":"open","sticky":false,"template":"","format":"standard","meta":[],"categories":[23],"tags":[],"_links":{"self":[{"href":"https:\/\/www.hotelpaseodegracia.es\/ca\/wp-json\/wp\/v2\/posts\/1984"}],"collection":[{"href":"https:\/\/www.hotelpaseodegracia.es\/ca\/wp-json\/wp\/v2\/posts"}],"about":[{"href":"https:\/\/www.hotelpaseodegracia.es\/ca\/wp-json\/wp\/v2\/types\/post"}],"author":[{"embeddable":true,"href":"https:\/\/www.hotelpaseodegracia.es\/ca\/wp-json\/wp\/v2\/users\/43774"}],"replies":[{"embeddable":true,"href":"https:\/\/www.hotelpaseodegracia.es\/ca\/wp-json\/wp\/v2\/comments?post=1984"}],"version-history":[{"count":1,"href":"https:\/\/www.hotelpaseodegracia.es\/ca\/wp-json\/wp\/v2\/posts\/1984\/revisions"}],"predecessor-version":[{"id":3629,"href":"https:\/\/www.hotelpaseodegracia.es\/ca\/wp-json\/wp\/v2\/posts\/1984\/revisions\/3629"}],"wp:attachment":[{"href":"https:\/\/www.hotelpaseodegracia.es\/ca\/wp-json\/wp\/v2\/media?parent=1984"}],"wp:term":[{"taxonomy":"category","embeddable":true,"href":"https:\/\/www.hotelpaseodegracia.es\/ca\/wp-json\/wp\/v2\/categories?post=1984"},{"taxonomy":"post_tag","embeddable":true,"href":"https:\/\/www.hotelpaseodegracia.es\/ca\/wp-json\/wp\/v2\/tags?post=1984"}],"curies":[{"name":"wp","href":"https:\/\/api.w.org\/{rel}","templated":true}]}}